{"id":7154,"date":"2017-11-06T22:18:58","date_gmt":"2017-11-07T01:18:58","guid":{"rendered":"http:\/\/www.muricionline.com.br\/novo\/?p=7154"},"modified":"2017-11-06T22:46:10","modified_gmt":"2017-11-07T01:46:10","slug":"associacao-comercial-de-murici-apresenta-diretoria-e-lanca-campanha-natal-premiado","status":"publish","type":"post","link":"http:\/\/www.muricionline.com.br\/novo\/?p=7154","title":{"rendered":"Associa\u00e7\u00e3o Comercial de Murici apresenta diretoria e lan\u00e7a campanha &#8220;Natal Premiado&#8221;"},"content":{"rendered":"<p>Foi apresentada oficialmente, na noite desta segunda-feira (06), a diretoria da Associa\u00e7\u00e3o dos Comercal e Empresarial de Murici (ACEMi). A solenidade aconteceu no audit\u00f3rio da Prefeitura Municipal de Murici, com a presen\u00e7a de autoridades e do vice-prefeito, Deivinho Vasconcelos, que na ocasi\u00e3o representou o prefeito Olavo Neto.<\/p>\n<p>Durante a cerim\u00f4nia o presidente da ACMi, Jonatas Mizael apresentou os servi\u00e7os que ser\u00e3o prestados pela ACEMi e, lan\u00e7ou a campanha &#8220;Natal Premiado&#8221;. Que sortear\u00e1 diversos pr\u00eamios. Para participar da campanha \u00e9 preciso que o cliente compre nas lojas associadas.<\/p>\n<p><a href=\"http:\/\/www.muricionline.com.br\/novo\/wp-content\/uploads\/2017\/11\/PSX_20171106_221325.jpg\"><img loading=\"lazy\" decoding=\"async\" class=\"aligncenter size-full wp-image-7158\" src=\"http:\/\/www.muricionline.com.br\/novo\/wp-content\/uploads\/2017\/11\/PSX_20171106_221325.jpg\" alt=\"\" width=\"902\" height=\"500\" srcset=\"http:\/\/www.muricionline.com.br\/novo\/wp-content\/uploads\/2017\/11\/PSX_20171106_221325.jpg 902w, http:\/\/www.muricionline.com.br\/novo\/wp-content\/uploads\/2017\/11\/PSX_20171106_221325-300x166.jpg 300w, http:\/\/www.muricionline.com.br\/novo\/wp-content\/uploads\/2017\/11\/PSX_20171106_221325-768x426.jpg 768w\" sizes=\"(max-width: 902px) 100vw, 902px\" \/><\/a><\/p>\n<p>Ainda na cerim\u00f4nia, o presidente ressaltou o empenho dos associados na campanha, afirmando que o principal objetivo \u00e9 divulgar e fomentar o com\u00e9rcio muriciense \u2013 gerando empregos e renda para a popula\u00e7\u00e3o. &#8220;Quero agradecer o apoio do prefeito, Olavo Neto e, o empenho dos diretores e associados na funda\u00e7\u00e3o da nossa Associa\u00e7\u00e3o, assim como, na realiza\u00e7\u00e3o desta campanha. Mesmo com o comercio passando por um momento de grande recess\u00e3o, conseguimos juntos a ACMaceio e Federal Alagoas a parceria para que nossos clientes possam participar do Natal Premiado&#8221;, disse Jonatas.<\/p>\n<p><a href=\"http:\/\/www.muricionline.com.br\/novo\/wp-content\/uploads\/2017\/11\/PSX_20171106_221426.jpg\"><img loading=\"lazy\" decoding=\"async\" class=\"aligncenter size-full wp-image-7156\" src=\"http:\/\/www.muricionline.com.br\/novo\/wp-content\/uploads\/2017\/11\/PSX_20171106_221426.jpg\" alt=\"\" width=\"868\" height=\"498\" srcset=\"http:\/\/www.muricionline.com.br\/novo\/wp-content\/uploads\/2017\/11\/PSX_20171106_221426.jpg 868w, http:\/\/www.muricionline.com.br\/novo\/wp-content\/uploads\/2017\/11\/PSX_20171106_221426-300x172.jpg 300w, http:\/\/www.muricionline.com.br\/novo\/wp-content\/uploads\/2017\/11\/PSX_20171106_221426-768x441.jpg 768w\" sizes=\"(max-width: 868px) 100vw, 868px\" \/><\/a><\/p>\n<p><strong>Premia\u00e7\u00e3o da Campanha:<\/strong><\/p>\n<p>O principal pr\u00eamio da campanha \u00e9 um ve\u00edculo Renault Captur. Al\u00e9m do carro, a campanha vai sortear cinco TVs de \u00faltima gera\u00e7\u00e3o e vale compras entre os participantes da campanha. O sorteio vai acontecer no final do ano.<\/p>\n<p><strong>Como participar:<\/strong><\/p>\n<p>O consumidor que comprar a partir de R$ 50,00 ter\u00e1 o direito de solicitar seu cupom para concorrer aos pr\u00eamios nas lojas participantes, que estar\u00e3o identificadas com cartazes indicando sobre a campanha e a premia\u00e7\u00e3o.<\/p>\n<p style=\"text-align: left;\"><a href=\"http:\/\/www.muricionline.com.br\/novo\/wp-content\/uploads\/2017\/11\/PSX_20171106_221254.jpg\"><img loading=\"lazy\" decoding=\"async\" class=\"aligncenter size-full wp-image-7157\" src=\"http:\/\/www.muricionline.com.br\/novo\/wp-content\/uploads\/2017\/11\/PSX_20171106_221254.jpg\" alt=\"\" width=\"740\" height=\"467\" srcset=\"http:\/\/www.muricionline.com.br\/novo\/wp-content\/uploads\/2017\/11\/PSX_20171106_221254.jpg 740w, http:\/\/www.muricionline.com.br\/novo\/wp-content\/uploads\/2017\/11\/PSX_20171106_221254-300x189.jpg 300w\" sizes=\"(max-width: 740px) 100vw, 740px\" \/><\/a><\/p>\n<p>Estiveram presentes na cerim\u00f4nia, a representante do Sebrae\/Alagoas, Cristina Loureiro; representante da Federa\u00e7\u00e3o dos Comerciantes de Alagoas, Rogerio Non\u00f4 ; presidente da Associacao Comercial de Santana do Ipanema, Josinaldo Soares; Secret\u00e1ria da Associa\u00e7\u00e3o Comercial de Macei\u00f3 e Secret\u00e1ria de Ind\u00fastria e Com\u00e9rcio de Palmeira dos Indios, Clea Mascarenhas; gerente do Banco do Brasil, Francisnaldo Cavalcante; os vereadores Macio Ten\u00f3rio e Eduardo Oliveira; Secret\u00e1rio Municipal de Ind\u00fastria Com\u00e9rcio e Turismo de Murici, Rafael Medeiros; diretores da Associa\u00e7\u00e3o Comercial e Empresarial de Murici, empres\u00e1rios associados e membros da comunidade.<\/p>\n<p>&nbsp;<\/p>\n<span style=\"clear:both;display:none;\"><img src=\"http:\/\/www.muricionline.com.br\/novo\/wp-content\/plugins\/wp-spamfree\/img\/wpsf-img.php\" width=\"0\" height=\"0\" alt=\"\" style=\"border-style:none;width:0px;height:0px;display:none;\" \/><\/span>","protected":false},"excerpt":{"rendered":"<p>Foi apresentada oficialmente, na noite desta segunda-feira (06), a diretoria da Associa\u00e7\u00e3o dos Comercal e Empresarial de Murici (ACEMi). A solenidade aconteceu no audit\u00f3rio da Prefeitura Municipal de Murici, com a presen\u00e7a de autoridades e do vice-prefeito, Deivinho Vasconcelos, que na ocasi\u00e3o representou o prefeito Olavo Neto. Durante a cerim\u00f4nia o presidente da ACMi, Jonatas&#8230;<\/p>\n","protected":false},"author":1,"featured_media":7155,"comment_status":"open","ping_status":"open","sticky":false,"template":"","format":"standard","meta":{"footnotes":""},"categories":[1],"tags":[5],"_links":{"self":[{"href":"http:\/\/www.muricionline.com.br\/novo\/index.php?rest_route=\/wp\/v2\/posts\/7154"}],"collection":[{"href":"http:\/\/www.muricionline.com.br\/novo\/index.php?rest_route=\/wp\/v2\/posts"}],"about":[{"href":"http:\/\/www.muricionline.com.br\/novo\/index.php?rest_route=\/wp\/v2\/types\/post"}],"author":[{"embeddable":true,"href":"http:\/\/www.muricionline.com.br\/novo\/index.php?rest_route=\/wp\/v2\/users\/1"}],"replies":[{"embeddable":true,"href":"http:\/\/www.muricionline.com.br\/novo\/index.php?rest_route=%2Fwp%2Fv2%2Fcomments&post=7154"}],"version-history":[{"count":3,"href":"http:\/\/www.muricionline.com.br\/novo\/index.php?rest_route=\/wp\/v2\/posts\/7154\/revisions"}],"predecessor-version":[{"id":7161,"href":"http:\/\/www.muricionline.com.br\/novo\/index.php?rest_route=\/wp\/v2\/posts\/7154\/revisions\/7161"}],"wp:featuredmedia":[{"embeddable":true,"href":"http:\/\/www.muricionline.com.br\/novo\/index.php?rest_route=\/wp\/v2\/media\/7155"}],"wp:attachment":[{"href":"http:\/\/www.muricionline.com.br\/novo\/index.php?rest_route=%2Fwp%2Fv2%2Fmedia&parent=7154"}],"wp:term":[{"taxonomy":"category","embeddable":true,"href":"http:\/\/www.muricionline.com.br\/novo\/index.php?rest_route=%2Fwp%2Fv2%2Fcategories&post=7154"},{"taxonomy":"post_tag","embeddable":true,"href":"http:\/\/www.muricionline.com.br\/novo\/index.php?rest_route=%2Fwp%2Fv2%2Ftags&post=7154"}],"curies":[{"name":"wp","href":"https:\/\/api.w.org\/{rel}","templated":true}]}}