{"id":7162,"date":"2017-11-08T12:27:55","date_gmt":"2017-11-08T15:27:55","guid":{"rendered":"http:\/\/www.muricionline.com.br\/novo\/?p=7162"},"modified":"2017-11-08T13:31:55","modified_gmt":"2017-11-08T16:31:55","slug":"acidente-entre-doblo-e-cacamba-deixa-motos-e-feridos-na-br-104-proximo-a-usina-laginha","status":"publish","type":"post","link":"http:\/\/www.muricionline.com.br\/novo\/?p=7162","title":{"rendered":"Acidente entre Van e Caminh\u00e3o deixa motos e feridos na BR 104, pr\u00f3ximo a Usina Laginha"},"content":{"rendered":"<p>Um grave acidente envolvendo um caminh\u00e3o Ca\u00e7amba&nbsp; e uma van (Fiat Ducato) resultou em mortos e feridos em um trecho da BR-104, nas proximidades da Usina Laginha, no munic\u00edpio de Uni\u00e3o dos Palmares..<\/p>\n<p>Segundo informa\u00e7\u00f5es informa\u00e7\u00f5es de testemunhas, a van envolvida no acidente fazia o transporte de Macei\u00f3 para Ibateguara.<\/p>\n<p>A Pol\u00edcia Rodovi\u00e1ria Federal (PRF) e o Servi\u00e7o M\u00e9dico de Urg\u00eancia ( SAMU) j\u00e1 se encontram no local.<\/p>\n<p>&nbsp;<\/p>\n<p><a href=\"http:\/\/www.muricionline.com.br\/novo\/wp-content\/uploads\/2017\/11\/IMG-20171108-WA0116.jpg\"><img loading=\"lazy\" decoding=\"async\" class=\"aligncenter size-full wp-image-7164\" src=\"http:\/\/www.muricionline.com.br\/novo\/wp-content\/uploads\/2017\/11\/IMG-20171108-WA0116.jpg\" alt=\"\" width=\"720\" height=\"1280\" srcset=\"http:\/\/www.muricionline.com.br\/novo\/wp-content\/uploads\/2017\/11\/IMG-20171108-WA0116.jpg 720w, http:\/\/www.muricionline.com.br\/novo\/wp-content\/uploads\/2017\/11\/IMG-20171108-WA0116-169x300.jpg 169w, http:\/\/www.muricionline.com.br\/novo\/wp-content\/uploads\/2017\/11\/IMG-20171108-WA0116-576x1024.jpg 576w\" sizes=\"(max-width: 720px) 100vw, 720px\" \/><\/a><\/p>\n<span style=\"clear:both;display:none;\"><img src=\"http:\/\/www.muricionline.com.br\/novo\/wp-content\/plugins\/wp-spamfree\/img\/wpsf-img.php\" width=\"0\" height=\"0\" alt=\"\" style=\"border-style:none;width:0px;height:0px;display:none;\" \/><\/span>","protected":false},"excerpt":{"rendered":"<p>Um grave acidente envolvendo um caminh\u00e3o Ca\u00e7amba&nbsp; e uma van (Fiat Ducato) resultou em mortos e feridos em um trecho da BR-104, nas proximidades da Usina Laginha, no munic\u00edpio de Uni\u00e3o dos Palmares.. Segundo informa\u00e7\u00f5es informa\u00e7\u00f5es de testemunhas, a van envolvida no acidente fazia o transporte de Macei\u00f3 para Ibateguara. A Pol\u00edcia Rodovi\u00e1ria Federal (PRF)&#8230;<\/p>\n","protected":false},"author":1,"featured_media":7163,"comment_status":"open","ping_status":"open","sticky":false,"template":"","format":"standard","meta":{"footnotes":""},"categories":[1],"tags":[5],"_links":{"self":[{"href":"http:\/\/www.muricionline.com.br\/novo\/index.php?rest_route=\/wp\/v2\/posts\/7162"}],"collection":[{"href":"http:\/\/www.muricionline.com.br\/novo\/index.php?rest_route=\/wp\/v2\/posts"}],"about":[{"href":"http:\/\/www.muricionline.com.br\/novo\/index.php?rest_route=\/wp\/v2\/types\/post"}],"author":[{"embeddable":true,"href":"http:\/\/www.muricionline.com.br\/novo\/index.php?rest_route=\/wp\/v2\/users\/1"}],"replies":[{"embeddable":true,"href":"http:\/\/www.muricionline.com.br\/novo\/index.php?rest_route=%2Fwp%2Fv2%2Fcomments&post=7162"}],"version-history":[{"count":5,"href":"http:\/\/www.muricionline.com.br\/novo\/index.php?rest_route=\/wp\/v2\/posts\/7162\/revisions"}],"predecessor-version":[{"id":7171,"href":"http:\/\/www.muricionline.com.br\/novo\/index.php?rest_route=\/wp\/v2\/posts\/7162\/revisions\/7171"}],"wp:featuredmedia":[{"embeddable":true,"href":"http:\/\/www.muricionline.com.br\/novo\/index.php?rest_route=\/wp\/v2\/media\/7163"}],"wp:attachment":[{"href":"http:\/\/www.muricionline.com.br\/novo\/index.php?rest_route=%2Fwp%2Fv2%2Fmedia&parent=7162"}],"wp:term":[{"taxonomy":"category","embeddable":true,"href":"http:\/\/www.muricionline.com.br\/novo\/index.php?rest_route=%2Fwp%2Fv2%2Fcategories&post=7162"},{"taxonomy":"post_tag","embeddable":true,"href":"http:\/\/www.muricionline.com.br\/novo\/index.php?rest_route=%2Fwp%2Fv2%2Ftags&post=7162"}],"curies":[{"name":"wp","href":"https:\/\/api.w.org\/{rel}","templated":true}]}}