{"id":7172,"date":"2017-11-09T08:53:39","date_gmt":"2017-11-09T11:53:39","guid":{"rendered":"http:\/\/www.muricionline.com.br\/novo\/?p=7172"},"modified":"2017-11-09T09:24:09","modified_gmt":"2017-11-09T12:24:09","slug":"33a-corrida-da-consciencia-da-negra-tem-inscricoes-abertas","status":"publish","type":"post","link":"http:\/\/www.muricionline.com.br\/novo\/?p=7172","title":{"rendered":"33\u00aa Corrida da Consci\u00eancia Negra &#8211; tem inscri\u00e7\u00f5es abertas"},"content":{"rendered":"<p><strong>Uni\u00e3o dos Palmares:<\/strong> A edi\u00e7\u00e3o 2017 da Corrida da Consci\u00eancia Negra est\u00e1 confirmada! Com 09 km de percurso e largada em frente ao pr\u00e9dio da Prefeitura Municipal, a corrida acontecer\u00e1 no pr\u00f3ximo dia <strong>20 de novembro<\/strong>. As vagas s\u00e3o limitadas e as inscri\u00e7\u00f5es j\u00e1 est\u00e3o abertas para atletas e amadores.<\/p>\n<p>&nbsp;<\/p>\n<p><strong>Inscri\u00e7\u00f5es:<\/strong><\/p>\n<p>Para se inscrever os participantes devem preencher o formul\u00e1rio no link: <strong>http:\/\/bit.ly\/corridauniao<\/strong> e enviar o comprovante de pagamento para o E-mail: <strong>kadusantosassessoria@gmail.com.<\/strong><\/p>\n<p>&nbsp;<\/p>\n<p><strong>Taxa e dados bancarios:<\/strong><\/p>\n<p>&nbsp;<\/p>\n<p><strong>Inscri\u00e7\u00f5es:<\/strong> R$ 30,00 (trinta reais)<\/p>\n<p><strong>Favorecido:<\/strong> Lucielma Dantas de Holanda<br \/>\n<strong>Ag\u00eancia:<\/strong> 1020<br \/>\n<strong>Conta Poupan\u00e7a:<\/strong> 00141490-2<br \/>\n<strong>Opera\u00e7\u00e3o:<\/strong> 013<br \/>\n<strong>Banco:<\/strong> Caixa Econ\u00f4mica Federal<\/p>\n<p>&nbsp;<\/p>\n<p><strong>Percurso:<\/strong><\/p>\n<p>A corrida ter\u00e1 um percurso de <strong>09 km<\/strong><br \/>\n<strong>Largada:<\/strong> Prefeitura de Uni\u00e3o dos Palmares<br \/>\n<strong>Chegada:<\/strong> Plat\u00f4 da Serra da Barriga<\/p>\n<p>&nbsp;<\/p>\n<p><strong>Realiza\u00e7\u00e3o:<\/strong><\/p>\n<p>Secretaria Municipal Esportes de Uni\u00e3o dos Palmares com apoio do Rotary Club.<\/p>\n<blockquote>\n<p style=\"text-align: left;\"><a href=\"http:\/\/www.muricionline.com.br\/novo\/wp-content\/uploads\/2017\/11\/IMG-20171109-WA0014.jpg\"><img loading=\"lazy\" decoding=\"async\" class=\"aligncenter size-full wp-image-7173\" src=\"http:\/\/www.muricionline.com.br\/novo\/wp-content\/uploads\/2017\/11\/IMG-20171109-WA0014.jpg\" alt=\"\" width=\"828\" height=\"316\" srcset=\"http:\/\/www.muricionline.com.br\/novo\/wp-content\/uploads\/2017\/11\/IMG-20171109-WA0014.jpg 828w, http:\/\/www.muricionline.com.br\/novo\/wp-content\/uploads\/2017\/11\/IMG-20171109-WA0014-300x114.jpg 300w, http:\/\/www.muricionline.com.br\/novo\/wp-content\/uploads\/2017\/11\/IMG-20171109-WA0014-768x293.jpg 768w\" sizes=\"(max-width: 828px) 100vw, 828px\" \/><\/a><\/p>\n<\/blockquote>\n<span style=\"clear:both;display:none;\"><img src=\"http:\/\/www.muricionline.com.br\/novo\/wp-content\/plugins\/wp-spamfree\/img\/wpsf-img.php\" width=\"0\" height=\"0\" alt=\"\" style=\"border-style:none;width:0px;height:0px;display:none;\" \/><\/span>","protected":false},"excerpt":{"rendered":"<p>Uni\u00e3o dos Palmares: A edi\u00e7\u00e3o 2017 da Corrida da Consci\u00eancia Negra est\u00e1 confirmada! Com 09 km de percurso e largada em frente ao pr\u00e9dio da Prefeitura Municipal, a corrida acontecer\u00e1 no pr\u00f3ximo dia 20 de novembro. As vagas s\u00e3o limitadas e as inscri\u00e7\u00f5es j\u00e1 est\u00e3o abertas para atletas e amadores. &nbsp; Inscri\u00e7\u00f5es: Para se inscrever&#8230;<\/p>\n","protected":false},"author":1,"featured_media":7176,"comment_status":"open","ping_status":"open","sticky":false,"template":"","format":"standard","meta":{"footnotes":""},"categories":[9],"tags":[5],"_links":{"self":[{"href":"http:\/\/www.muricionline.com.br\/novo\/index.php?rest_route=\/wp\/v2\/posts\/7172"}],"collection":[{"href":"http:\/\/www.muricionline.com.br\/novo\/index.php?rest_route=\/wp\/v2\/posts"}],"about":[{"href":"http:\/\/www.muricionline.com.br\/novo\/index.php?rest_route=\/wp\/v2\/types\/post"}],"author":[{"embeddable":true,"href":"http:\/\/www.muricionline.com.br\/novo\/index.php?rest_route=\/wp\/v2\/users\/1"}],"replies":[{"embeddable":true,"href":"http:\/\/www.muricionline.com.br\/novo\/index.php?rest_route=%2Fwp%2Fv2%2Fcomments&post=7172"}],"version-history":[{"count":4,"href":"http:\/\/www.muricionline.com.br\/novo\/index.php?rest_route=\/wp\/v2\/posts\/7172\/revisions"}],"predecessor-version":[{"id":7178,"href":"http:\/\/www.muricionline.com.br\/novo\/index.php?rest_route=\/wp\/v2\/posts\/7172\/revisions\/7178"}],"wp:featuredmedia":[{"embeddable":true,"href":"http:\/\/www.muricionline.com.br\/novo\/index.php?rest_route=\/wp\/v2\/media\/7176"}],"wp:attachment":[{"href":"http:\/\/www.muricionline.com.br\/novo\/index.php?rest_route=%2Fwp%2Fv2%2Fmedia&parent=7172"}],"wp:term":[{"taxonomy":"category","embeddable":true,"href":"http:\/\/www.muricionline.com.br\/novo\/index.php?rest_route=%2Fwp%2Fv2%2Fcategories&post=7172"},{"taxonomy":"post_tag","embeddable":true,"href":"http:\/\/www.muricionline.com.br\/novo\/index.php?rest_route=%2Fwp%2Fv2%2Ftags&post=7172"}],"curies":[{"name":"wp","href":"https:\/\/api.w.org\/{rel}","templated":true}]}}