{"id":7179,"date":"2017-11-09T10:59:20","date_gmt":"2017-11-09T13:59:20","guid":{"rendered":"http:\/\/www.muricionline.com.br\/novo\/?p=7179"},"modified":"2017-11-09T10:59:20","modified_gmt":"2017-11-09T13:59:20","slug":"murici-recebe-visita-de-romeiro-pernambucano-que-vai-a-pe-ate-aparecida-do-norte","status":"publish","type":"post","link":"http:\/\/www.muricionline.com.br\/novo\/?p=7179","title":{"rendered":"Murici recebe visita de romeiro pernambucano que vai a p\u00e9 at\u00e9 Aparecida do Norte"},"content":{"rendered":"<p>O povo nordestino \u00e9 um dos mais cat\u00f3licos do Brasil e esse dado \u00e9 refor\u00e7ado por diversas manifesta\u00e7\u00f5es de f\u00e9. Uma delas foi presenciada pela populacao muriciense, nesta quinta-feira (09\/10), com um romeiro carregando uma cruz indo pagar uma promessa feita a Padroeira do Brasil.<\/p>\n<p>Recuperado de uma trombose, Pedro Guedes, 77 anos, natural de Caruaru, devoto de Nossa Senhora Aparecida, est\u00e1 indo a p\u00e9 para at\u00e9 o &#8220;Santu\u00e1rio de Aparecida&#8221;, na cidade de Aparecida do Norte, em S\u00e3o Paulo.<\/p>\n<p>&nbsp;<\/p>\n<p><a href=\"http:\/\/www.muricionline.com.br\/novo\/wp-content\/uploads\/2017\/11\/FB_IMG_1510235624590.jpg\"><img loading=\"lazy\" decoding=\"async\" class=\"aligncenter size-full wp-image-7181\" src=\"http:\/\/www.muricionline.com.br\/novo\/wp-content\/uploads\/2017\/11\/FB_IMG_1510235624590.jpg\" alt=\"\" width=\"960\" height=\"540\" srcset=\"http:\/\/www.muricionline.com.br\/novo\/wp-content\/uploads\/2017\/11\/FB_IMG_1510235624590.jpg 960w, http:\/\/www.muricionline.com.br\/novo\/wp-content\/uploads\/2017\/11\/FB_IMG_1510235624590-300x169.jpg 300w, http:\/\/www.muricionline.com.br\/novo\/wp-content\/uploads\/2017\/11\/FB_IMG_1510235624590-768x432.jpg 768w\" sizes=\"(max-width: 960px) 100vw, 960px\" \/><\/a><\/p>\n<p>&nbsp;<\/p>\n<p>&nbsp;<\/p>\n<span style=\"clear:both;display:none;\"><img src=\"http:\/\/www.muricionline.com.br\/novo\/wp-content\/plugins\/wp-spamfree\/img\/wpsf-img.php\" width=\"0\" height=\"0\" alt=\"\" style=\"border-style:none;width:0px;height:0px;display:none;\" \/><\/span>","protected":false},"excerpt":{"rendered":"<p>O povo nordestino \u00e9 um dos mais cat\u00f3licos do Brasil e esse dado \u00e9 refor\u00e7ado por diversas manifesta\u00e7\u00f5es de f\u00e9. Uma delas foi presenciada pela populacao muriciense, nesta quinta-feira (09\/10), com um romeiro carregando uma cruz indo pagar uma promessa feita a Padroeira do Brasil. Recuperado de uma trombose, Pedro Guedes, 77 anos, natural de&#8230;<\/p>\n","protected":false},"author":1,"featured_media":7180,"comment_status":"open","ping_status":"open","sticky":false,"template":"","format":"standard","meta":{"footnotes":""},"categories":[1],"tags":[5],"_links":{"self":[{"href":"http:\/\/www.muricionline.com.br\/novo\/index.php?rest_route=\/wp\/v2\/posts\/7179"}],"collection":[{"href":"http:\/\/www.muricionline.com.br\/novo\/index.php?rest_route=\/wp\/v2\/posts"}],"about":[{"href":"http:\/\/www.muricionline.com.br\/novo\/index.php?rest_route=\/wp\/v2\/types\/post"}],"author":[{"embeddable":true,"href":"http:\/\/www.muricionline.com.br\/novo\/index.php?rest_route=\/wp\/v2\/users\/1"}],"replies":[{"embeddable":true,"href":"http:\/\/www.muricionline.com.br\/novo\/index.php?rest_route=%2Fwp%2Fv2%2Fcomments&post=7179"}],"version-history":[{"count":1,"href":"http:\/\/www.muricionline.com.br\/novo\/index.php?rest_route=\/wp\/v2\/posts\/7179\/revisions"}],"predecessor-version":[{"id":7182,"href":"http:\/\/www.muricionline.com.br\/novo\/index.php?rest_route=\/wp\/v2\/posts\/7179\/revisions\/7182"}],"wp:featuredmedia":[{"embeddable":true,"href":"http:\/\/www.muricionline.com.br\/novo\/index.php?rest_route=\/wp\/v2\/media\/7180"}],"wp:attachment":[{"href":"http:\/\/www.muricionline.com.br\/novo\/index.php?rest_route=%2Fwp%2Fv2%2Fmedia&parent=7179"}],"wp:term":[{"taxonomy":"category","embeddable":true,"href":"http:\/\/www.muricionline.com.br\/novo\/index.php?rest_route=%2Fwp%2Fv2%2Fcategories&post=7179"},{"taxonomy":"post_tag","embeddable":true,"href":"http:\/\/www.muricionline.com.br\/novo\/index.php?rest_route=%2Fwp%2Fv2%2Ftags&post=7179"}],"curies":[{"name":"wp","href":"https:\/\/api.w.org\/{rel}","templated":true}]}}