{"id":7183,"date":"2017-11-09T15:01:10","date_gmt":"2017-11-09T18:01:10","guid":{"rendered":"http:\/\/www.muricionline.com.br\/novo\/?p=7183"},"modified":"2017-11-09T15:01:10","modified_gmt":"2017-11-09T18:01:10","slug":"prefeitura-de-santana-do-mundau-garante-merenda-de-qualidade-para-toda-a-rede-municipal-de-ensino","status":"publish","type":"post","link":"http:\/\/www.muricionline.com.br\/novo\/?p=7183","title":{"rendered":"Prefeitura de Santana do Munda\u00fa garante merenda de qualidade para toda a rede municipal de ensino"},"content":{"rendered":"<p>Com um constante investimento em&nbsp;melhorias e adequa\u00e7\u00f5es no card\u00e1pio da merenda escolar, a prefeitura de Santana do Munda\u00fa, por meio da secretaria de educa\u00e7\u00e3o, tem trabalhado para que as refei\u00e7\u00f5es servidas aos estudantes do munic\u00edpio,&nbsp;sejam saud\u00e1veis, equilibradas, saborosas e contenham todos os nutrientes necess\u00e1rios para o seu&nbsp;crescimento e desenvolvimento.&nbsp;<\/p>\n<div class=\"row\">\n<div class=\"col-md-8\">\n<div class=\"post-content\">\n<article>Nesta quarta-feira (08), o prefeito Arthur Freitas e&nbsp;a secret\u00e1ria de educa\u00e7\u00e3o Daniele M\u00e1rcia,&nbsp;acompanharam&nbsp;o abastecimento realizado pelos&nbsp;agricultores familiares, que, atrav\u00e9s de uma parceria&nbsp;com a prefeitura, integram&nbsp;o Programa Nacional de Alimenta\u00e7\u00e3o Escolar (PNAE), e s\u00e3o respons\u00e1veis pelo fornecimento de&nbsp;cerca de 50% de toda a merenda adquirida&nbsp;&#8211;&nbsp;contribuindo assim&nbsp;para o aquecimento da economia local.&nbsp;<\/p>\n<p>Devidamente supervisionada pelas nutricionistas, Adriana Fernandes e C\u00e9lia Batista, a merenda ofertada conta com uma&nbsp;grande variedade de gr\u00e3os, carnes, frutas, verduras e legumes.&nbsp;&#8220;Uma das preocupa\u00e7\u00f5es do prefeito Arthur Freitas&nbsp;\u00e9 com a qualidade na alimenta\u00e7\u00e3o&nbsp;ofertada, pois sabemos que para ter um bom desempenho escolar, as crian\u00e7as precisam estar bem nutridas\u201d, destacou a secret\u00e1ria de educa\u00e7\u00e3o.&nbsp;<\/p>\n<p>Mas, para manter a qualidade da merenda, a administra\u00e7\u00e3o municipal&nbsp;tem realizado um grande esfor\u00e7o,&nbsp;pois atualmente,&nbsp;o Governo Federal repassa&nbsp;apenas&nbsp;R$ 0,36&nbsp;por aluno\/dia, e n\u00e3o precisa ser especialista para concluir que com essa quantia \u00e9 imposs\u00edvel preparar um lanche, muito menos&nbsp;uma refei\u00e7\u00e3o&nbsp;saborosa e de&nbsp;qualidade.&nbsp;\u201cTemos feito o esfor\u00e7o em complementar com mais de 100% o valor repassado pelo Governo Federal, pois entendemos que a merenda tamb\u00e9m \u00e9 um componente para aprendizagem do aluno&#8221;, ressaltou&nbsp;o prefeito, ao destacar que&nbsp;comprar alimentos da agricultura familiar implica em diminui\u00e7\u00e3o da evas\u00e3o do campo, al\u00e9m de contribuir para que sejam fornecidos alimentos de melhor qualidade, com maior valor nutricional, uma vez que s\u00e3o produtos de safra. \u201c\u00c9 uma oportunidade dos nossos alunos terem produtos mais frescos e de qualidade.&nbsp;Al\u00e9m disso, com esta transfer\u00eancia direta de recursos &#8211;&nbsp;evitando atravessadores, os produtores rurais do nosso munic\u00edpio t\u00eam<span style=\"font-family: Arial, sans-serif;\">&nbsp;<\/span>um incentivo financeiro&nbsp;a mais\u201d, concluiu.<\/p>\n<p>&nbsp;<\/p>\n<\/article>\n<\/div>\n<p>Com Ascom &#8211; Prefeitura Municipal de Santana do Munda\u00fa&nbsp;<\/p>\n<\/div>\n<\/div>\n<span style=\"clear:both;display:none;\"><img src=\"http:\/\/www.muricionline.com.br\/novo\/wp-content\/plugins\/wp-spamfree\/img\/wpsf-img.php\" width=\"0\" height=\"0\" alt=\"\" style=\"border-style:none;width:0px;height:0px;display:none;\" \/><\/span>","protected":false},"excerpt":{"rendered":"<p>Com um constante investimento em&nbsp;melhorias e adequa\u00e7\u00f5es no card\u00e1pio da merenda escolar, a prefeitura de Santana do Munda\u00fa, por meio da secretaria de educa\u00e7\u00e3o, tem trabalhado para que as refei\u00e7\u00f5es servidas aos estudantes do munic\u00edpio,&nbsp;sejam saud\u00e1veis, equilibradas, saborosas e contenham todos os nutrientes necess\u00e1rios para o seu&nbsp;crescimento e desenvolvimento.&nbsp; Nesta quarta-feira (08), o prefeito Arthur&#8230;<\/p>\n","protected":false},"author":1,"featured_media":7184,"comment_status":"open","ping_status":"open","sticky":false,"template":"","format":"standard","meta":{"footnotes":""},"categories":[1],"tags":[5],"_links":{"self":[{"href":"http:\/\/www.muricionline.com.br\/novo\/index.php?rest_route=\/wp\/v2\/posts\/7183"}],"collection":[{"href":"http:\/\/www.muricionline.com.br\/novo\/index.php?rest_route=\/wp\/v2\/posts"}],"about":[{"href":"http:\/\/www.muricionline.com.br\/novo\/index.php?rest_route=\/wp\/v2\/types\/post"}],"author":[{"embeddable":true,"href":"http:\/\/www.muricionline.com.br\/novo\/index.php?rest_route=\/wp\/v2\/users\/1"}],"replies":[{"embeddable":true,"href":"http:\/\/www.muricionline.com.br\/novo\/index.php?rest_route=%2Fwp%2Fv2%2Fcomments&post=7183"}],"version-history":[{"count":1,"href":"http:\/\/www.muricionline.com.br\/novo\/index.php?rest_route=\/wp\/v2\/posts\/7183\/revisions"}],"predecessor-version":[{"id":7185,"href":"http:\/\/www.muricionline.com.br\/novo\/index.php?rest_route=\/wp\/v2\/posts\/7183\/revisions\/7185"}],"wp:featuredmedia":[{"embeddable":true,"href":"http:\/\/www.muricionline.com.br\/novo\/index.php?rest_route=\/wp\/v2\/media\/7184"}],"wp:attachment":[{"href":"http:\/\/www.muricionline.com.br\/novo\/index.php?rest_route=%2Fwp%2Fv2%2Fmedia&parent=7183"}],"wp:term":[{"taxonomy":"category","embeddable":true,"href":"http:\/\/www.muricionline.com.br\/novo\/index.php?rest_route=%2Fwp%2Fv2%2Fcategories&post=7183"},{"taxonomy":"post_tag","embeddable":true,"href":"http:\/\/www.muricionline.com.br\/novo\/index.php?rest_route=%2Fwp%2Fv2%2Ftags&post=7183"}],"curies":[{"name":"wp","href":"https:\/\/api.w.org\/{rel}","templated":true}]}}