{"id":7186,"date":"2017-11-09T18:33:11","date_gmt":"2017-11-09T21:33:11","guid":{"rendered":"http:\/\/www.muricionline.com.br\/novo\/?p=7186"},"modified":"2017-11-09T18:33:11","modified_gmt":"2017-11-09T21:33:11","slug":"faf-realiza-a-2a-edicao-do-forum-do-futebol-alagoano-nesta-sexta-feira","status":"publish","type":"post","link":"http:\/\/www.muricionline.com.br\/novo\/?p=7186","title":{"rendered":"FAF realiza a 2\u00aa Edi\u00e7\u00e3o do F\u00f3rum do Futebol Alagoano nesta sexta-feira"},"content":{"rendered":"<p>Clubes, imprensa e representantes de entidades ir\u00e3o discutir melhorias no futebol durante a 2\u00aa Edi\u00e7\u00e3o do F\u00f3rum do Futebol Alagoano, que acontece nesta sexta-feira (10), no Audit\u00f3rio Jequi\u00e1 do Hotel Best Western Premier, na Paju\u00e7ara, em Macei\u00f3\/AL.&nbsp;<\/p>\n<div class=\"row\">\n<div class=\"col-xs-12 internas-conteudo\">\n<div class=\"row\">\n<div class=\"col-xs-12 mobile-person-offset\">\n<div class=\"row\">\n<div class=\"col-xs-12 col-md-width-mod internas-conteudo-especial\">\n<p>O evento \u00e9 promovido pela Federa\u00e7\u00e3o Alagoana de Futebol (FAF) e vai apresentar os resultados da pesquisa &#8220;Fala A\u00ed, torcedor!&#8221;, encerrada nessa segunda-feira (06). A enquete contou com a participa\u00e7\u00e3o de torcedores de todas as regi\u00f5es do Estado sobre aspectos fundamentais, como por exemplo, a f\u00f3rmula de disputa do Campeonato Alagoano 2018.&nbsp;<\/p>\n<p>A segunda parte da programa\u00e7\u00e3o do F\u00f3rum contar\u00e1 uma mesa redonda aberta \u00e0 clubes, imprensa e convidados. As ideias discutidas no encontro ser\u00e3o avaliadas pela FAF como sugest\u00e3o de melhoria para a organiza\u00e7\u00e3o das competi\u00e7\u00f5es na pr\u00f3xima temporada.<\/p>\n<p>&nbsp;<\/p>\n<p>Com Gazetaweb&nbsp;<\/p>\n<p>Foto: GloboEsporte.com<\/p>\n<\/div>\n<\/div>\n<\/div>\n<\/div>\n<\/div>\n<\/div>\n<span style=\"clear:both;display:none;\"><img src=\"http:\/\/www.muricionline.com.br\/novo\/wp-content\/plugins\/wp-spamfree\/img\/wpsf-img.php\" width=\"0\" height=\"0\" alt=\"\" style=\"border-style:none;width:0px;height:0px;display:none;\" \/><\/span>","protected":false},"excerpt":{"rendered":"<p>Clubes, imprensa e representantes de entidades ir\u00e3o discutir melhorias no futebol durante a 2\u00aa Edi\u00e7\u00e3o do F\u00f3rum do Futebol Alagoano, que acontece nesta sexta-feira (10), no Audit\u00f3rio Jequi\u00e1 do Hotel Best Western Premier, na Paju\u00e7ara, em Macei\u00f3\/AL.&nbsp; O evento \u00e9 promovido pela Federa\u00e7\u00e3o Alagoana de Futebol (FAF) e vai apresentar os resultados da pesquisa &#8220;Fala&#8230;<\/p>\n","protected":false},"author":1,"featured_media":7187,"comment_status":"open","ping_status":"open","sticky":false,"template":"","format":"standard","meta":{"footnotes":""},"categories":[9],"tags":[5],"_links":{"self":[{"href":"http:\/\/www.muricionline.com.br\/novo\/index.php?rest_route=\/wp\/v2\/posts\/7186"}],"collection":[{"href":"http:\/\/www.muricionline.com.br\/novo\/index.php?rest_route=\/wp\/v2\/posts"}],"about":[{"href":"http:\/\/www.muricionline.com.br\/novo\/index.php?rest_route=\/wp\/v2\/types\/post"}],"author":[{"embeddable":true,"href":"http:\/\/www.muricionline.com.br\/novo\/index.php?rest_route=\/wp\/v2\/users\/1"}],"replies":[{"embeddable":true,"href":"http:\/\/www.muricionline.com.br\/novo\/index.php?rest_route=%2Fwp%2Fv2%2Fcomments&post=7186"}],"version-history":[{"count":1,"href":"http:\/\/www.muricionline.com.br\/novo\/index.php?rest_route=\/wp\/v2\/posts\/7186\/revisions"}],"predecessor-version":[{"id":7188,"href":"http:\/\/www.muricionline.com.br\/novo\/index.php?rest_route=\/wp\/v2\/posts\/7186\/revisions\/7188"}],"wp:featuredmedia":[{"embeddable":true,"href":"http:\/\/www.muricionline.com.br\/novo\/index.php?rest_route=\/wp\/v2\/media\/7187"}],"wp:attachment":[{"href":"http:\/\/www.muricionline.com.br\/novo\/index.php?rest_route=%2Fwp%2Fv2%2Fmedia&parent=7186"}],"wp:term":[{"taxonomy":"category","embeddable":true,"href":"http:\/\/www.muricionline.com.br\/novo\/index.php?rest_route=%2Fwp%2Fv2%2Fcategories&post=7186"},{"taxonomy":"post_tag","embeddable":true,"href":"http:\/\/www.muricionline.com.br\/novo\/index.php?rest_route=%2Fwp%2Fv2%2Ftags&post=7186"}],"curies":[{"name":"wp","href":"https:\/\/api.w.org\/{rel}","templated":true}]}}