{"id":7201,"date":"2017-11-11T10:47:07","date_gmt":"2017-11-11T13:47:07","guid":{"rendered":"http:\/\/www.muricionline.com.br\/novo\/?p=7201"},"modified":"2017-11-11T10:47:07","modified_gmt":"2017-11-11T13:47:07","slug":"sindicatos-pedem-apoio-ao-mpe-para-coibir-agressoes-a-jornalistas","status":"publish","type":"post","link":"http:\/\/www.muricionline.com.br\/novo\/?p=7201","title":{"rendered":"Sindicatos pedem apoio ao MPE para coibir agress\u00f5es a jornalistas"},"content":{"rendered":"<p>Ap\u00f3s o registro de casos de viol\u00eancia contra profissionais da imprensa no exerc\u00edcio de sua fun\u00e7\u00e3o e em raz\u00e3o dela, representantes de diversos sindicatos das categorias ligadas a profiss\u00e3o se reuniram na tarde desta sexta-feira (10), na sede do Minist\u00e9rio P\u00fablico Estadual (MPE), com o Procurador-geral de Justi\u00e7a, Alfredo Gaspar de Mendon\u00e7a Neto.<\/p>\n<div class=\"row\">\n<div class=\"col-xs-12 internas-conteudo\">\n<div class=\"row\">\n<div class=\"col-xs-12 mobile-person-offset\">\n<div class=\"row\">\n<div class=\"col-xs-12 col-md-width-mod internas-conteudo-especial\">\n<p>Os presidentes dos sindicatos externaram ao procurador geral a preocupa\u00e7\u00e3o e o temor dos profissionais que trabalham com jornalismo em Alagoas. Eles elencaram o caso mais recente de agress\u00e3o contra a imprensa, quando seguran\u00e7as da deputada estadual Thaise Guedes, agrediram uma equipe de reportagem da TV Gazeta e evidenciaram a incerteza da seguran\u00e7a das equipes no pr\u00f3ximo ano, per\u00edodo eleitoral.&nbsp;<\/p>\n<p>Tendo em vista estas situa\u00e7\u00f5es, os profissionais cobraram medidas concretas por parte dos entes p\u00fablicos para coibir agress\u00f5es e punir as que j\u00e1 aconteceram.&nbsp;<\/p>\n<p>Alfredo Gaspar de Mendon\u00e7a Neto classificou o exerc\u00edcio da profiss\u00e3o da imprensa como &#8220;vulner\u00e1vel&#8221; e disse que todos os profissionais da imprensa podem contar com total apoio dele e do \u00f3rg\u00e3o contra qualquer ato contra a liberdade de express\u00e3o. O procurador Geral de Justi\u00e7a orientou que fosse elaborado um documento por parte dos sindicatos, citando todos os casos de abuso contra os jornalistas, para que sejam apurados e punidos, se necess\u00e1rio. &#8220;Estamos estabelecendo aqui, uma parceria pela liberdade de imprensa&#8221;, frisou Alfredo.<\/p>\n<p>Ficou definido tamb\u00e9m na reuni\u00e3o, que os sindicatos em parceria com o Minist\u00e9rio P\u00fablico Estadual (MPE), ir\u00e3o organizar um evento que trate da tem\u00e1tica da seguran\u00e7a para os profissionais de imprensa. A programa\u00e7\u00e3o dever\u00e1 contar com autoridades do judici\u00e1rio e nomes conhecidos da imprensa nacional.<\/p>\n<p>Estiveram presentes na reuni\u00e3o, o Presidente do Sindicato dos Jornalistas de Alagoas, Isaias Barbosa, o Presidente da Associa\u00e7\u00e3o dos Rep\u00f3rteres Fotogr\u00e1ficos e Cinematogr\u00e1ficos , A\u00edlton Cruz e o&nbsp; Presidente do Sindicato dos Radialistas, Paulo Guedes.<\/p>\n<p>&nbsp;<\/p>\n<div class=\"clearfix\">&nbsp;Com Gazetaweb&nbsp;<\/div>\n<div>Foto: Ailton Cruz&nbsp;<\/div>\n<div class=\"clearfix clearfix-margin\">&nbsp;<\/div>\n<\/div>\n<\/div>\n<\/div>\n<\/div>\n<\/div>\n<\/div>\n<span style=\"clear:both;display:none;\"><img src=\"http:\/\/www.muricionline.com.br\/novo\/wp-content\/plugins\/wp-spamfree\/img\/wpsf-img.php\" width=\"0\" height=\"0\" alt=\"\" style=\"border-style:none;width:0px;height:0px;display:none;\" \/><\/span>","protected":false},"excerpt":{"rendered":"<p>Ap\u00f3s o registro de casos de viol\u00eancia contra profissionais da imprensa no exerc\u00edcio de sua fun\u00e7\u00e3o e em raz\u00e3o dela, representantes de diversos sindicatos das categorias ligadas a profiss\u00e3o se reuniram na tarde desta sexta-feira (10), na sede do Minist\u00e9rio P\u00fablico Estadual (MPE), com o Procurador-geral de Justi\u00e7a, Alfredo Gaspar de Mendon\u00e7a Neto. Os presidentes&#8230;<\/p>\n","protected":false},"author":1,"featured_media":7202,"comment_status":"open","ping_status":"open","sticky":false,"template":"","format":"standard","meta":{"footnotes":""},"categories":[1],"tags":[5],"_links":{"self":[{"href":"http:\/\/www.muricionline.com.br\/novo\/index.php?rest_route=\/wp\/v2\/posts\/7201"}],"collection":[{"href":"http:\/\/www.muricionline.com.br\/novo\/index.php?rest_route=\/wp\/v2\/posts"}],"about":[{"href":"http:\/\/www.muricionline.com.br\/novo\/index.php?rest_route=\/wp\/v2\/types\/post"}],"author":[{"embeddable":true,"href":"http:\/\/www.muricionline.com.br\/novo\/index.php?rest_route=\/wp\/v2\/users\/1"}],"replies":[{"embeddable":true,"href":"http:\/\/www.muricionline.com.br\/novo\/index.php?rest_route=%2Fwp%2Fv2%2Fcomments&post=7201"}],"version-history":[{"count":1,"href":"http:\/\/www.muricionline.com.br\/novo\/index.php?rest_route=\/wp\/v2\/posts\/7201\/revisions"}],"predecessor-version":[{"id":7203,"href":"http:\/\/www.muricionline.com.br\/novo\/index.php?rest_route=\/wp\/v2\/posts\/7201\/revisions\/7203"}],"wp:featuredmedia":[{"embeddable":true,"href":"http:\/\/www.muricionline.com.br\/novo\/index.php?rest_route=\/wp\/v2\/media\/7202"}],"wp:attachment":[{"href":"http:\/\/www.muricionline.com.br\/novo\/index.php?rest_route=%2Fwp%2Fv2%2Fmedia&parent=7201"}],"wp:term":[{"taxonomy":"category","embeddable":true,"href":"http:\/\/www.muricionline.com.br\/novo\/index.php?rest_route=%2Fwp%2Fv2%2Fcategories&post=7201"},{"taxonomy":"post_tag","embeddable":true,"href":"http:\/\/www.muricionline.com.br\/novo\/index.php?rest_route=%2Fwp%2Fv2%2Ftags&post=7201"}],"curies":[{"name":"wp","href":"https:\/\/api.w.org\/{rel}","templated":true}]}}