{"id":7210,"date":"2017-11-12T07:01:50","date_gmt":"2017-11-12T10:01:50","guid":{"rendered":"http:\/\/www.muricionline.com.br\/novo\/?p=7210"},"modified":"2017-11-12T07:06:50","modified_gmt":"2017-11-12T10:06:50","slug":"homem-atingido-por-tiro-durante-assalto-a-lava-jato-em-murici-morre-em-hospital-de-maceio","status":"publish","type":"post","link":"http:\/\/www.muricionline.com.br\/novo\/?p=7210","title":{"rendered":"Homem atingido por tiro durante assalto a lava-jato em Murici morre em hospital de Macei\u00f3"},"content":{"rendered":"<p>&nbsp;Doje inoc\u00eancio de 39 anos, morreu na noite deste s\u00e1bado (11), ap\u00f3s passar 50 dias internado em um hospital da Capital Alagoana. O homem foi v\u00edtima de um assalto no dia 28 de setembro, quando levou um tiro no abd\u00f4men.<\/p>\n<p>A v\u00edtima estava trabalhando em seu lava-jato, situado no Conjunto Arnon de Melo, no Centro de Murici, quando foi surpreendido por dois homens, que anunciaram o assalto. Houve luta corporal e Doje foi atingido com 02 tiros de revolver calibre 38.<\/p>\n<p>O corpo ser\u00e1 velado em sua resid\u00eancia, localizada no mesmo bairro. O enterro ocorrer\u00e1 no final da tarde deste domingo, no cemit\u00e9rio Parque dos Eucaliptos, em Murici.<\/p>\n<p>&nbsp;<\/p>\n<span style=\"clear:both;display:none;\"><img src=\"http:\/\/www.muricionline.com.br\/novo\/wp-content\/plugins\/wp-spamfree\/img\/wpsf-img.php\" width=\"0\" height=\"0\" alt=\"\" style=\"border-style:none;width:0px;height:0px;display:none;\" \/><\/span>","protected":false},"excerpt":{"rendered":"<p>&nbsp;Doje inoc\u00eancio de 39 anos, morreu na noite deste s\u00e1bado (11), ap\u00f3s passar 50 dias internado em um hospital da Capital Alagoana. O homem foi v\u00edtima de um assalto no dia 28 de setembro, quando levou um tiro no abd\u00f4men. A v\u00edtima estava trabalhando em seu lava-jato, situado no Conjunto Arnon de Melo, no Centro&#8230;<\/p>\n","protected":false},"author":1,"featured_media":7211,"comment_status":"open","ping_status":"open","sticky":false,"template":"","format":"standard","meta":{"footnotes":""},"categories":[1],"tags":[5],"_links":{"self":[{"href":"http:\/\/www.muricionline.com.br\/novo\/index.php?rest_route=\/wp\/v2\/posts\/7210"}],"collection":[{"href":"http:\/\/www.muricionline.com.br\/novo\/index.php?rest_route=\/wp\/v2\/posts"}],"about":[{"href":"http:\/\/www.muricionline.com.br\/novo\/index.php?rest_route=\/wp\/v2\/types\/post"}],"author":[{"embeddable":true,"href":"http:\/\/www.muricionline.com.br\/novo\/index.php?rest_route=\/wp\/v2\/users\/1"}],"replies":[{"embeddable":true,"href":"http:\/\/www.muricionline.com.br\/novo\/index.php?rest_route=%2Fwp%2Fv2%2Fcomments&post=7210"}],"version-history":[{"count":2,"href":"http:\/\/www.muricionline.com.br\/novo\/index.php?rest_route=\/wp\/v2\/posts\/7210\/revisions"}],"predecessor-version":[{"id":7213,"href":"http:\/\/www.muricionline.com.br\/novo\/index.php?rest_route=\/wp\/v2\/posts\/7210\/revisions\/7213"}],"wp:featuredmedia":[{"embeddable":true,"href":"http:\/\/www.muricionline.com.br\/novo\/index.php?rest_route=\/wp\/v2\/media\/7211"}],"wp:attachment":[{"href":"http:\/\/www.muricionline.com.br\/novo\/index.php?rest_route=%2Fwp%2Fv2%2Fmedia&parent=7210"}],"wp:term":[{"taxonomy":"category","embeddable":true,"href":"http:\/\/www.muricionline.com.br\/novo\/index.php?rest_route=%2Fwp%2Fv2%2Fcategories&post=7210"},{"taxonomy":"post_tag","embeddable":true,"href":"http:\/\/www.muricionline.com.br\/novo\/index.php?rest_route=%2Fwp%2Fv2%2Ftags&post=7210"}],"curies":[{"name":"wp","href":"https:\/\/api.w.org\/{rel}","templated":true}]}}