{"id":7218,"date":"2017-11-12T22:29:44","date_gmt":"2017-11-13T01:29:44","guid":{"rendered":"http:\/\/www.muricionline.com.br\/novo\/?p=7218"},"modified":"2017-11-12T22:29:44","modified_gmt":"2017-11-13T01:29:44","slug":"sao-jose-da-laje-educacao-realiza-projeto-de-leitura-em-escolas-do-campo","status":"publish","type":"post","link":"http:\/\/www.muricionline.com.br\/novo\/?p=7218","title":{"rendered":"S\u00e3o Jos\u00e9 da Laje: Educa\u00e7\u00e3o realiza projeto de leitura em escolas do campo"},"content":{"rendered":"<p>Aconteceu na manh\u00e3 da \u00faltima quinta-feira, 09, no Gin\u00e1sio de Esportes, o Projeto de Leitura \u201cOuvir, Cantar e Ler\u201d, envolvendo todas as 16 escolas da zona rural de S\u00e3o Jos\u00e9 da Laje. Atualmente cerca de 600 crian\u00e7as est\u00e3o matriculadas nas escolas do campo, e assim tiveram a oportunidade de participar desse importante projeto de incentivo \u00e0 leitura. Durante todo o dia a comunidade lajense teve a oportunidade de prestigiar os stands, al\u00e9m de diversas apresenta\u00e7\u00f5es.<\/p>\n<div class=\"story\">\n<p>O projeto contou com alunos de todas as idades e s\u00e9ries sob a coordena\u00e7\u00e3o dos professores e membros da Secretaria Municipal de Educa\u00e7\u00e3o. Para a estudante Ana Cecilia de 11 anos, o projeto foi muito positivo, pois \u00e9 um \u00f3timo incentivo para ela e para os colegas de escola. \u201cEu gosto muito de ler, passei a gostar ainda mais depois de hoje\u201d, disse a jovem estudante. Presente durante toda manh\u00e3, a secret\u00e1ria municipal de Educa\u00e7\u00e3o, professora Ana Paula Mendes, destacou a import\u00e2ncia dessas din\u00e2micas.<a href=\"http:\/\/www.correiodosmunicipios-al.com.br\/wp-content\/uploads\/2017\/11\/B03C3079AFEC47E9AFED6D1BEE6EBFD7.jpeg\" rel=\"lightbox-1\"><img loading=\"lazy\" decoding=\"async\" class=\"size-medium wp-image-172532 alignright\" src=\"http:\/\/www.correiodosmunicipios-al.com.br\/wp-content\/uploads\/2017\/11\/B03C3079AFEC47E9AFED6D1BEE6EBFD7-300x200.jpeg\" alt=\"B03C3079-AFEC-47E9-AFED-6D1BEE6EBFD7\" width=\"300\" height=\"200\"><\/a><\/p>\n<p>&nbsp;<\/p>\n<p>&nbsp;<\/p>\n<p>&nbsp;<\/p>\n<p>&nbsp;<\/p>\n<p>&nbsp;<\/p>\n<p>\u201cProporcionar aos estudantes algo t\u00e3o importante como a leitura atrav\u00e9s de projetos como esses, faz com que eles abracem cada vez mais o amor aos livros e os prepara para o futuro.\u201d Afirmou a Secretaria. J\u00e1 a Diretora das Escolas do Campo destacou os investimentos em educa\u00e7\u00e3o. \u201cEstamos preparando essas crian\u00e7as para o futuro, para as pr\u00f3ximas etapas da vida, esse incentivo e todo investimento na Educa\u00e7\u00e3o que o prefeito Rodrigo Valen\u00e7a tem feito durante toda gest\u00e3o s\u00f3 tem gerado bons frutos\u201d, disse a professora Solange Claudino.<\/p>\n<p>&nbsp;<\/p>\n<p><strong>Fonte: Secom&nbsp;S\u00e3o Jos\u00e9 da Laje<\/strong><\/p>\n<\/div>\n<span style=\"clear:both;display:none;\"><img src=\"http:\/\/www.muricionline.com.br\/novo\/wp-content\/plugins\/wp-spamfree\/img\/wpsf-img.php\" width=\"0\" height=\"0\" alt=\"\" style=\"border-style:none;width:0px;height:0px;display:none;\" \/><\/span>","protected":false},"excerpt":{"rendered":"<p>Aconteceu na manh\u00e3 da \u00faltima quinta-feira, 09, no Gin\u00e1sio de Esportes, o Projeto de Leitura \u201cOuvir, Cantar e Ler\u201d, envolvendo todas as 16 escolas da zona rural de S\u00e3o Jos\u00e9 da Laje. Atualmente cerca de 600 crian\u00e7as est\u00e3o matriculadas nas escolas do campo, e assim tiveram a oportunidade de participar desse importante projeto de incentivo&#8230;<\/p>\n","protected":false},"author":1,"featured_media":7219,"comment_status":"open","ping_status":"open","sticky":false,"template":"","format":"standard","meta":{"footnotes":""},"categories":[1],"tags":[5],"_links":{"self":[{"href":"http:\/\/www.muricionline.com.br\/novo\/index.php?rest_route=\/wp\/v2\/posts\/7218"}],"collection":[{"href":"http:\/\/www.muricionline.com.br\/novo\/index.php?rest_route=\/wp\/v2\/posts"}],"about":[{"href":"http:\/\/www.muricionline.com.br\/novo\/index.php?rest_route=\/wp\/v2\/types\/post"}],"author":[{"embeddable":true,"href":"http:\/\/www.muricionline.com.br\/novo\/index.php?rest_route=\/wp\/v2\/users\/1"}],"replies":[{"embeddable":true,"href":"http:\/\/www.muricionline.com.br\/novo\/index.php?rest_route=%2Fwp%2Fv2%2Fcomments&post=7218"}],"version-history":[{"count":1,"href":"http:\/\/www.muricionline.com.br\/novo\/index.php?rest_route=\/wp\/v2\/posts\/7218\/revisions"}],"predecessor-version":[{"id":7220,"href":"http:\/\/www.muricionline.com.br\/novo\/index.php?rest_route=\/wp\/v2\/posts\/7218\/revisions\/7220"}],"wp:featuredmedia":[{"embeddable":true,"href":"http:\/\/www.muricionline.com.br\/novo\/index.php?rest_route=\/wp\/v2\/media\/7219"}],"wp:attachment":[{"href":"http:\/\/www.muricionline.com.br\/novo\/index.php?rest_route=%2Fwp%2Fv2%2Fmedia&parent=7218"}],"wp:term":[{"taxonomy":"category","embeddable":true,"href":"http:\/\/www.muricionline.com.br\/novo\/index.php?rest_route=%2Fwp%2Fv2%2Fcategories&post=7218"},{"taxonomy":"post_tag","embeddable":true,"href":"http:\/\/www.muricionline.com.br\/novo\/index.php?rest_route=%2Fwp%2Fv2%2Ftags&post=7218"}],"curies":[{"name":"wp","href":"https:\/\/api.w.org\/{rel}","templated":true}]}}