{"id":7221,"date":"2017-11-13T11:06:01","date_gmt":"2017-11-13T14:06:01","guid":{"rendered":"http:\/\/www.muricionline.com.br\/novo\/?p=7221"},"modified":"2017-11-13T11:06:01","modified_gmt":"2017-11-13T14:06:01","slug":"prefeitos-do-pilar-sao-jose-da-laje-e-coqueiro-seco-engatam-protagonismo-diante-da-crise-nos-municipios","status":"publish","type":"post","link":"http:\/\/www.muricionline.com.br\/novo\/?p=7221","title":{"rendered":"Prefeitos do P\u00eclar, S\u00e3o Jos\u00e9 da Laje e Coqueiro Seco engatam protagonismo, diante da crise nos munic\u00edpios"},"content":{"rendered":"<p>Conta-se nos dedos os prefeitos alagoanos bem avaliados nas pesquisas pr\u00e9-eleitorais. Os dedos diminuem \u00e0 medida em que a popularidade \u00e9 fruto do choque de gest\u00e3o, o combate \u00e0 corrup\u00e7\u00e3o e aos maus costumes da localidade e, ainda, com obras sociais e estruturantes para mostrar que o planejamento e a execu\u00e7\u00e3o bem feitos, separa o joio do trigo.<\/p>\n<div class=\"texto\">\n<p>A crise est\u00e1 a solta e a maioria dos prefeitos culpa a falta de recursos e os cortes nos repasses federais. O discurso \u00e9 fr\u00e1gil e j\u00e1 n\u00e3o convence a popula\u00e7\u00e3o.<\/p>\n<p>Citarei apenas tr\u00eas casos, que envolvem dois prefeitos da nova gera\u00e7\u00e3o e uma senhora, de 68 anos que, em apenas 10 meses e alguns dias \u00e0 frente de um munic\u00edpio pobre, est\u00e1 mostrando que a vontade, aliada a uma boa equipe, que trabalha em cima de planejamento e a\u00e7\u00f5es direcionadas, \u00e9 capas de superar qualquer crise.<\/p>\n<p><b>Coqueiro Seco<\/b><br \/>\nNa gest\u00e3o da novata&nbsp;<b>Decele Damaso<\/b>, Coqueiro Seco, na grande Macei\u00f3, est\u00e1 passando por um processo de transforma\u00e7\u00e3o \u201cfenomenal\u201d. A cidade, que nem acesso em asfalto tem, est\u00e1 com os dias contados para receb\u00ea-lo. Numa parceria com o Governo do Estado as principais ruas est\u00e3o sendo pavimentadas. Com os mesmos recursos do programa Pr\u00f3-Estrada, o Estado passar\u00e1 o asfalto pelos dois acessos \u00e0 cidade (por Santa Luzia do Norte e pela BR-324, entrando no lado oposto do acesso ao balne\u00e1rio Broma), certamente AINDA mais conhecido que Coqueiro.<\/p>\n<p>Em Coqueiro, os investimentos tamb\u00e9m est\u00e3o transformando a Educa\u00e7\u00e3o, n\u00e3o apenas nas sala de aula, mas na qualifica\u00e7\u00e3o de professores. Merenda aprovada pelos alunos, por l\u00e1 n\u00e3o falta. Tamb\u00e9m n\u00e3o falta mais m\u00e9dicos. Ali\u00e1s, todos os dias da semana. A\u00e7\u00f5es sociais e ambientais cuidam melhor das pessoas e do meio ambiente. A agricultura familiar aproximou o poder p\u00fablico das fam\u00edlias humildes. A rica cultura coqueirense est\u00e1 saindo do anonimato e o esporte j\u00e1 revelando talentos. Em breve a orla lagunar da cidade ser\u00e1 transformada num cart\u00e3o postal.<\/p>\n<p>Coqueiro Seco vive uma realidade surreal, se comparamos com a maioria dos munic\u00edpios alagoanos.<\/p>\n<p><b>Pilar<\/b><br \/>\nTamb\u00e9m na regi\u00e3o metropolitana de Macei\u00f3, os moradores do Pilar aprovam a gest\u00e3o do prefeito&nbsp;<b>Renato Filho<\/b>, na casa dos 85%. Por l\u00e1 a gest\u00e3o tamb\u00e9m segue a passos longos, na contram\u00e3o da crise.<\/p>\n<p>Um dos primeiros choques na gest\u00e3o atual tem o conceito de moralidade.&nbsp;O prefeito encaminhou \u00e0 C\u00e2mara de Vereadores a primeira&nbsp;<b>Lei Anticorrup\u00e7\u00e3o de Alagoas<\/b>. Antes, reabriu o hospital e os novos pilarenses passaram a nascer na cidade.<\/p>\n<p>Com sal\u00e1rios em dia e investimentos em v\u00e1rias frentes, a parceria com o Governo do Estado tem transformado a gest\u00e3o de&nbsp;<b>Renato Filho<\/b>&nbsp;num canteiro de obras, principalmente sociais.<\/p>\n<p><b>S\u00e3o Jos\u00e9 da Laje<\/b><br \/>\n\u00danico prefeito reeleito dos tr\u00eas exemplos,&nbsp;<b>Rodrigo Valen\u00e7a<\/b>&nbsp;\u00e9 o protagonista da Zona da Mata. Por estar no segundo mandato n\u00e3o teria como reclamar do antecessor. Assim como est\u00e1 acontecendo em&nbsp;<b>Coqueiro<\/b>&nbsp;e<b>&nbsp;Pilar,<\/b>&nbsp;o planejamento e a qualifica\u00e7\u00e3o das equipes est\u00e3o fazendo a diferen\u00e7a, principalmente nas tr\u00eas \u00e1reas que chegam mais pr\u00f3ximas da popula\u00e7\u00e3o:&nbsp;<b>Educa\u00e7\u00e3o, Sa\u00fade&nbsp;<\/b>e<b>Assist\u00eancia Social<\/b>.<\/p>\n<p>A expressiva avalia\u00e7\u00e3o est\u00e1 impulsionando o prefeito da Laje a uma candidatura \u00e0 Assembleia Legislativa ou C\u00e2mara Federal. Se optar pelo caminho mais curto, mantendo a parceria com o jovem e amigo deputado&nbsp;<b>JHC<\/b>, a ALE certamente ganhar\u00e1 mais um bom quadro.<\/p>\n<p>Os gestores foram eleitos para fazer o munic\u00edpio avan\u00e7ar e&nbsp;a miss\u00e3o est\u00e1 longe de ser IMPOSS\u00cdVEL.&nbsp;<\/p>\n<\/div>\n<p>&nbsp;<\/p>\n<p>Por Assessorias\/ S\u00e3o Jos\u00e9 da Laje&nbsp; com AL1.com<\/p>\n<span style=\"clear:both;display:none;\"><img src=\"http:\/\/www.muricionline.com.br\/novo\/wp-content\/plugins\/wp-spamfree\/img\/wpsf-img.php\" width=\"0\" height=\"0\" alt=\"\" style=\"border-style:none;width:0px;height:0px;display:none;\" \/><\/span>","protected":false},"excerpt":{"rendered":"<p>Conta-se nos dedos os prefeitos alagoanos bem avaliados nas pesquisas pr\u00e9-eleitorais. Os dedos diminuem \u00e0 medida em que a popularidade \u00e9 fruto do choque de gest\u00e3o, o combate \u00e0 corrup\u00e7\u00e3o e aos maus costumes da localidade e, ainda, com obras sociais e estruturantes para mostrar que o planejamento e a execu\u00e7\u00e3o bem feitos, separa o&#8230;<\/p>\n","protected":false},"author":1,"featured_media":7222,"comment_status":"open","ping_status":"open","sticky":false,"template":"","format":"standard","meta":{"footnotes":""},"categories":[1],"tags":[5],"_links":{"self":[{"href":"http:\/\/www.muricionline.com.br\/novo\/index.php?rest_route=\/wp\/v2\/posts\/7221"}],"collection":[{"href":"http:\/\/www.muricionline.com.br\/novo\/index.php?rest_route=\/wp\/v2\/posts"}],"about":[{"href":"http:\/\/www.muricionline.com.br\/novo\/index.php?rest_route=\/wp\/v2\/types\/post"}],"author":[{"embeddable":true,"href":"http:\/\/www.muricionline.com.br\/novo\/index.php?rest_route=\/wp\/v2\/users\/1"}],"replies":[{"embeddable":true,"href":"http:\/\/www.muricionline.com.br\/novo\/index.php?rest_route=%2Fwp%2Fv2%2Fcomments&post=7221"}],"version-history":[{"count":1,"href":"http:\/\/www.muricionline.com.br\/novo\/index.php?rest_route=\/wp\/v2\/posts\/7221\/revisions"}],"predecessor-version":[{"id":7223,"href":"http:\/\/www.muricionline.com.br\/novo\/index.php?rest_route=\/wp\/v2\/posts\/7221\/revisions\/7223"}],"wp:featuredmedia":[{"embeddable":true,"href":"http:\/\/www.muricionline.com.br\/novo\/index.php?rest_route=\/wp\/v2\/media\/7222"}],"wp:attachment":[{"href":"http:\/\/www.muricionline.com.br\/novo\/index.php?rest_route=%2Fwp%2Fv2%2Fmedia&parent=7221"}],"wp:term":[{"taxonomy":"category","embeddable":true,"href":"http:\/\/www.muricionline.com.br\/novo\/index.php?rest_route=%2Fwp%2Fv2%2Fcategories&post=7221"},{"taxonomy":"post_tag","embeddable":true,"href":"http:\/\/www.muricionline.com.br\/novo\/index.php?rest_route=%2Fwp%2Fv2%2Ftags&post=7221"}],"curies":[{"name":"wp","href":"https:\/\/api.w.org\/{rel}","templated":true}]}}