{"id":7232,"date":"2017-11-13T13:58:00","date_gmt":"2017-11-13T16:58:00","guid":{"rendered":"http:\/\/www.muricionline.com.br\/novo\/?p=7232"},"modified":"2017-11-13T13:58:00","modified_gmt":"2017-11-13T16:58:00","slug":"guarda-municipal-de-murici-recupera-moto-roubada-na-zona-rural","status":"publish","type":"post","link":"http:\/\/www.muricionline.com.br\/novo\/?p=7232","title":{"rendered":"Guarda Municipal de Murici recupera moto roubada na zona rural"},"content":{"rendered":"<p>No inicio da tarde desta segunda-feira (13), a Guarda Municipal de Murici com o apoio da Pol\u00edcia Militar recuperou mais uma moto roubada na zona rural do munic\u00edpio.<\/p>\n<p>De acordo com informa\u00e7\u00f5es do GCM, a motocicleta da marca Suzuki, modelo YES 125 (Preta), foi localizada nas terras da Fazenda S\u00e3o Pedro, ap\u00f3s persegui\u00e7\u00e3o da guarni\u00e7\u00e3o aos assaltantes.<\/p>\n<p>Os guardas recolheram a moto e encaminharam para o Cisp onde foi feito os procedimentos legais para devolu\u00e7\u00e3o ao propriet\u00e1rio.<\/p>\n<p>&nbsp;<\/p>\n<p>Fotos: GCM-Murici<\/p>\n<p><a href=\"http:\/\/www.muricionline.com.br\/novo\/wp-content\/uploads\/2017\/11\/IMG-20171113-WA0144.jpg\"><img loading=\"lazy\" decoding=\"async\" class=\"aligncenter size-full wp-image-7234\" src=\"http:\/\/www.muricionline.com.br\/novo\/wp-content\/uploads\/2017\/11\/IMG-20171113-WA0144.jpg\" alt=\"\" width=\"960\" height=\"1280\" srcset=\"http:\/\/www.muricionline.com.br\/novo\/wp-content\/uploads\/2017\/11\/IMG-20171113-WA0144.jpg 960w, http:\/\/www.muricionline.com.br\/novo\/wp-content\/uploads\/2017\/11\/IMG-20171113-WA0144-225x300.jpg 225w, http:\/\/www.muricionline.com.br\/novo\/wp-content\/uploads\/2017\/11\/IMG-20171113-WA0144-768x1024.jpg 768w\" sizes=\"(max-width: 960px) 100vw, 960px\" \/><\/a><\/p>\n<span style=\"clear:both;display:none;\"><img src=\"http:\/\/www.muricionline.com.br\/novo\/wp-content\/plugins\/wp-spamfree\/img\/wpsf-img.php\" width=\"0\" height=\"0\" alt=\"\" style=\"border-style:none;width:0px;height:0px;display:none;\" \/><\/span>","protected":false},"excerpt":{"rendered":"<p>No inicio da tarde desta segunda-feira (13), a Guarda Municipal de Murici com o apoio da Pol\u00edcia Militar recuperou mais uma moto roubada na zona rural do munic\u00edpio. De acordo com informa\u00e7\u00f5es do GCM, a motocicleta da marca Suzuki, modelo YES 125 (Preta), foi localizada nas terras da Fazenda S\u00e3o Pedro, ap\u00f3s persegui\u00e7\u00e3o da guarni\u00e7\u00e3o&#8230;<\/p>\n","protected":false},"author":1,"featured_media":7233,"comment_status":"open","ping_status":"open","sticky":false,"template":"","format":"standard","meta":{"footnotes":""},"categories":[7,1],"tags":[5],"_links":{"self":[{"href":"http:\/\/www.muricionline.com.br\/novo\/index.php?rest_route=\/wp\/v2\/posts\/7232"}],"collection":[{"href":"http:\/\/www.muricionline.com.br\/novo\/index.php?rest_route=\/wp\/v2\/posts"}],"about":[{"href":"http:\/\/www.muricionline.com.br\/novo\/index.php?rest_route=\/wp\/v2\/types\/post"}],"author":[{"embeddable":true,"href":"http:\/\/www.muricionline.com.br\/novo\/index.php?rest_route=\/wp\/v2\/users\/1"}],"replies":[{"embeddable":true,"href":"http:\/\/www.muricionline.com.br\/novo\/index.php?rest_route=%2Fwp%2Fv2%2Fcomments&post=7232"}],"version-history":[{"count":1,"href":"http:\/\/www.muricionline.com.br\/novo\/index.php?rest_route=\/wp\/v2\/posts\/7232\/revisions"}],"predecessor-version":[{"id":7235,"href":"http:\/\/www.muricionline.com.br\/novo\/index.php?rest_route=\/wp\/v2\/posts\/7232\/revisions\/7235"}],"wp:featuredmedia":[{"embeddable":true,"href":"http:\/\/www.muricionline.com.br\/novo\/index.php?rest_route=\/wp\/v2\/media\/7233"}],"wp:attachment":[{"href":"http:\/\/www.muricionline.com.br\/novo\/index.php?rest_route=%2Fwp%2Fv2%2Fmedia&parent=7232"}],"wp:term":[{"taxonomy":"category","embeddable":true,"href":"http:\/\/www.muricionline.com.br\/novo\/index.php?rest_route=%2Fwp%2Fv2%2Fcategories&post=7232"},{"taxonomy":"post_tag","embeddable":true,"href":"http:\/\/www.muricionline.com.br\/novo\/index.php?rest_route=%2Fwp%2Fv2%2Ftags&post=7232"}],"curies":[{"name":"wp","href":"https:\/\/api.w.org\/{rel}","templated":true}]}}