{"id":7236,"date":"2017-11-14T06:43:33","date_gmt":"2017-11-14T09:43:33","guid":{"rendered":"http:\/\/www.muricionline.com.br\/novo\/?p=7236"},"modified":"2017-11-14T06:43:33","modified_gmt":"2017-11-14T09:43:33","slug":"vereador-anizao-assume-superintendencia-geral-do-nordeste-na-uvb","status":"publish","type":"post","link":"http:\/\/www.muricionline.com.br\/novo\/?p=7236","title":{"rendered":"Vereador Aniz\u00e3o assume Superintend\u00eancia Geral do Nordeste na UVB"},"content":{"rendered":"<p>An\u00edzio Amorim , vereador de Murici \u2013 AL, &nbsp;assumiu na noite da quarta-feira, &nbsp;08, na cidade de Canela \u2013 RS, a Superintend\u00eancia Geral do Nordeste da UVB. O t\u00edtulo concedido pela entidade nacional , leva em conta a trajet\u00f3ria do pol\u00edtico como vereador por seis mandatos em Murici, sua atua\u00e7\u00e3o como Secret\u00e1rio Geral da entidade em &nbsp;2005, e suas constantes participa\u00e7\u00f5es em congressos nacionais e &nbsp;lutas em prol do fortalecimento do legislativo.<\/p>\n<div class=\"elements-box\">\n<article id=\"texto\" class=\"margin\">\n<div class=\"texto\">\n<p>A miss\u00e3o agora \u00e9 dar continuidade ao trabalho , transferindo \u00e0 categoria o conhecimento real do papel da verean\u00e7a no legislativo municipal de todo o Nordeste, apoiando as lutas dos companheiros &nbsp;pelo melhoramento da cidades.<\/p>\n<p>An\u00edzio Amorim foi indicado para o cargo , pela Diretoria Executiva da UVB, Uni\u00e3o dos Vereadores do Brasil e ter\u00e1 a miss\u00e3o de coordenador e orientar os Superintendentes Estaduais da UVB no Nordeste.<\/p>\n<p>Em sua rede social, &nbsp;destaca o momento com gratid\u00e3o, anunciando um novo tempo de lutas &nbsp;em todo o Nordeste e em sua cidade, &nbsp;Murici.<\/p>\n<p>Na oportunidade, tamb\u00e9m tomou posse o Superintendente do Estado do Piau\u00ed, Saturnino da Silva, do munic\u00edpio de Col\u00f4nia do Piau\u00ed.<\/p>\n<p>&nbsp;<\/p>\n<p>Por Vera Guimar\u00e3es&nbsp; (www.muriciweb.com.br) e ASCOM\/UVB<\/p>\n<\/div>\n<\/article>\n<\/div>\n<span style=\"clear:both;display:none;\"><img src=\"http:\/\/www.muricionline.com.br\/novo\/wp-content\/plugins\/wp-spamfree\/img\/wpsf-img.php\" width=\"0\" height=\"0\" alt=\"\" style=\"border-style:none;width:0px;height:0px;display:none;\" \/><\/span>","protected":false},"excerpt":{"rendered":"<p>An\u00edzio Amorim , vereador de Murici \u2013 AL, &nbsp;assumiu na noite da quarta-feira, &nbsp;08, na cidade de Canela \u2013 RS, a Superintend\u00eancia Geral do Nordeste da UVB. O t\u00edtulo concedido pela entidade nacional , leva em conta a trajet\u00f3ria do pol\u00edtico como vereador por seis mandatos em Murici, sua atua\u00e7\u00e3o como Secret\u00e1rio Geral da entidade&#8230;<\/p>\n","protected":false},"author":1,"featured_media":7237,"comment_status":"open","ping_status":"open","sticky":false,"template":"","format":"standard","meta":{"footnotes":""},"categories":[1],"tags":[5],"_links":{"self":[{"href":"http:\/\/www.muricionline.com.br\/novo\/index.php?rest_route=\/wp\/v2\/posts\/7236"}],"collection":[{"href":"http:\/\/www.muricionline.com.br\/novo\/index.php?rest_route=\/wp\/v2\/posts"}],"about":[{"href":"http:\/\/www.muricionline.com.br\/novo\/index.php?rest_route=\/wp\/v2\/types\/post"}],"author":[{"embeddable":true,"href":"http:\/\/www.muricionline.com.br\/novo\/index.php?rest_route=\/wp\/v2\/users\/1"}],"replies":[{"embeddable":true,"href":"http:\/\/www.muricionline.com.br\/novo\/index.php?rest_route=%2Fwp%2Fv2%2Fcomments&post=7236"}],"version-history":[{"count":1,"href":"http:\/\/www.muricionline.com.br\/novo\/index.php?rest_route=\/wp\/v2\/posts\/7236\/revisions"}],"predecessor-version":[{"id":7238,"href":"http:\/\/www.muricionline.com.br\/novo\/index.php?rest_route=\/wp\/v2\/posts\/7236\/revisions\/7238"}],"wp:featuredmedia":[{"embeddable":true,"href":"http:\/\/www.muricionline.com.br\/novo\/index.php?rest_route=\/wp\/v2\/media\/7237"}],"wp:attachment":[{"href":"http:\/\/www.muricionline.com.br\/novo\/index.php?rest_route=%2Fwp%2Fv2%2Fmedia&parent=7236"}],"wp:term":[{"taxonomy":"category","embeddable":true,"href":"http:\/\/www.muricionline.com.br\/novo\/index.php?rest_route=%2Fwp%2Fv2%2Fcategories&post=7236"},{"taxonomy":"post_tag","embeddable":true,"href":"http:\/\/www.muricionline.com.br\/novo\/index.php?rest_route=%2Fwp%2Fv2%2Ftags&post=7236"}],"curies":[{"name":"wp","href":"https:\/\/api.w.org\/{rel}","templated":true}]}}