{"id":7242,"date":"2017-11-15T07:13:02","date_gmt":"2017-11-15T10:13:02","guid":{"rendered":"http:\/\/www.muricionline.com.br\/novo\/?p=7242"},"modified":"2017-11-15T07:13:02","modified_gmt":"2017-11-15T10:13:02","slug":"willian-jose-quer-jogar-na-selecao-espanhola-e-critica-convocacoes-brasileiras","status":"publish","type":"post","link":"http:\/\/www.muricionline.com.br\/novo\/?p=7242","title":{"rendered":"Willian Jos\u00e9 quer jogar na sele\u00e7\u00e3o espanhola e critica convoca\u00e7\u00f5es brasileiras"},"content":{"rendered":"<p>Pouco valorizado no futebol brasileiro, onde vestiu a camisa do S\u00e3o Paulo, Gr\u00eamio e Santos, o atacante Willian Jos\u00e9 vive uma outra realidade na Espanha.&nbsp;<\/p>\n<div class=\"blogs-list internal\">\n<section class=\"single-post content  content-news\">\n<article>\n<div class=\"content\">\n<div class=\"formated-text\">\n<p>Um dos principais destaques do Real Sociedad, o jogador de 25 anos concedeu uma entrevista coletiva nesta ter\u00e7a-feira e deixou claro que gostaria de vestir a camisa da sele\u00e7\u00e3o espanhola e n\u00e3o perdeu a oportunidade para criticar os m\u00e9todos das convoca\u00e7\u00f5es da sele\u00e7\u00e3o brasileira.<\/p>\n<div>\n<aside class=\"widget saiba-mais\">\n<h2 class=\"widget-title\">\u201cO Brasil sempre convoca os mesmos para a sele\u00e7\u00e3o, e aqui na Espanha creio que seja mais f\u00e1cil ser convocado do que no Brasil, porque voc\u00ea \u00e9 chamado e ganha chances. O treinador espanhol (Julen Lopetegui) est\u00e1 sempre trocando jogadores. Isso \u00e9 bom para todos, principalmente para a sele\u00e7\u00e3o\u201d, afirmou.<\/h2>\n<\/aside>\n<\/div>\n<p>Aos 25 anos, o jogador j\u00e1 anotou oito gols nos quinze primeiros jogos da atual temporada pelo Real Sociedad. Em sua quinta temporada no futebol espanhol, o jogador est\u00e1 em um processo para adquirir a cidadania espanhola e n\u00e3o descarta vestir a camisa da F\u00faria.<\/p>\n<p>\u201cEu ficaria muito feliz (com a possibilidade). Eu gosto muito da sele\u00e7\u00e3o do Brasil, mas tamb\u00e9m da Espanha e creio que tenho mais possibilidades nesta. Quem dera conseguir o passaporte para ficar dispon\u00edvel e ent\u00e3o me chamem\u201d, declarou.<\/p>\n<p>Cria da base do CRB, Willian Jos\u00e9 vestiu a camisa da Sele\u00e7\u00e3o Brasileira nos t\u00edtulos do Mundial e Sul-Americano sub-20 em 2011. Pela equipe principal, o jogador nunca recebeu uma oportunidade.<\/p>\n<p>&nbsp;<\/p>\n<\/div>\n<p>Com ESPN<\/p>\n<p>Foto: Reprodu\u00e7\u00e3o&nbsp;<\/p>\n<\/div>\n<\/article>\n<\/section>\n<\/div>\n<span style=\"clear:both;display:none;\"><img src=\"http:\/\/www.muricionline.com.br\/novo\/wp-content\/plugins\/wp-spamfree\/img\/wpsf-img.php\" width=\"0\" height=\"0\" alt=\"\" style=\"border-style:none;width:0px;height:0px;display:none;\" \/><\/span>","protected":false},"excerpt":{"rendered":"<p>Pouco valorizado no futebol brasileiro, onde vestiu a camisa do S\u00e3o Paulo, Gr\u00eamio e Santos, o atacante Willian Jos\u00e9 vive uma outra realidade na Espanha.&nbsp; Um dos principais destaques do Real Sociedad, o jogador de 25 anos concedeu uma entrevista coletiva nesta ter\u00e7a-feira e deixou claro que gostaria de vestir a camisa da sele\u00e7\u00e3o espanhola&#8230;<\/p>\n","protected":false},"author":1,"featured_media":7243,"comment_status":"open","ping_status":"open","sticky":false,"template":"","format":"standard","meta":{"footnotes":""},"categories":[9],"tags":[5],"_links":{"self":[{"href":"http:\/\/www.muricionline.com.br\/novo\/index.php?rest_route=\/wp\/v2\/posts\/7242"}],"collection":[{"href":"http:\/\/www.muricionline.com.br\/novo\/index.php?rest_route=\/wp\/v2\/posts"}],"about":[{"href":"http:\/\/www.muricionline.com.br\/novo\/index.php?rest_route=\/wp\/v2\/types\/post"}],"author":[{"embeddable":true,"href":"http:\/\/www.muricionline.com.br\/novo\/index.php?rest_route=\/wp\/v2\/users\/1"}],"replies":[{"embeddable":true,"href":"http:\/\/www.muricionline.com.br\/novo\/index.php?rest_route=%2Fwp%2Fv2%2Fcomments&post=7242"}],"version-history":[{"count":1,"href":"http:\/\/www.muricionline.com.br\/novo\/index.php?rest_route=\/wp\/v2\/posts\/7242\/revisions"}],"predecessor-version":[{"id":7244,"href":"http:\/\/www.muricionline.com.br\/novo\/index.php?rest_route=\/wp\/v2\/posts\/7242\/revisions\/7244"}],"wp:featuredmedia":[{"embeddable":true,"href":"http:\/\/www.muricionline.com.br\/novo\/index.php?rest_route=\/wp\/v2\/media\/7243"}],"wp:attachment":[{"href":"http:\/\/www.muricionline.com.br\/novo\/index.php?rest_route=%2Fwp%2Fv2%2Fmedia&parent=7242"}],"wp:term":[{"taxonomy":"category","embeddable":true,"href":"http:\/\/www.muricionline.com.br\/novo\/index.php?rest_route=%2Fwp%2Fv2%2Fcategories&post=7242"},{"taxonomy":"post_tag","embeddable":true,"href":"http:\/\/www.muricionline.com.br\/novo\/index.php?rest_route=%2Fwp%2Fv2%2Ftags&post=7242"}],"curies":[{"name":"wp","href":"https:\/\/api.w.org\/{rel}","templated":true}]}}