{"id":7254,"date":"2017-11-16T08:06:03","date_gmt":"2017-11-16T11:06:03","guid":{"rendered":"http:\/\/www.muricionline.com.br\/novo\/?p=7254"},"modified":"2017-11-16T08:06:03","modified_gmt":"2017-11-16T11:06:03","slug":"assembleia-de-deus-de-murici-promove-o-11o-ujaadem","status":"publish","type":"post","link":"http:\/\/www.muricionline.com.br\/novo\/?p=7254","title":{"rendered":"Assembl\u00e9ia de Deus de Murici promove o 11\u00ba UJAADEM"},"content":{"rendered":"<p>A Assembleia de Deus em Murici est\u00e1 em festa. A igreja que fica localizada na rua Jacinto Barbosa, no Centro da cidade, est\u00e1 realizando o d\u00e9cimo primeiro congresso do UJAADEM.<\/p>\n<p>O evento que tradicionalmente acontece em novembro, comemora o anivers\u00e1rio do grupo de jovens da igreja e conta com realiza\u00e7\u00f5es de palestras, cultos e apresenta\u00e7\u00f5es de varios grupos e artistas evang\u00e9licos.<\/p>\n<p>A expectativa dos organizadores \u00e9 que mais de mil pessoas prestigiem e participem dos quatros dias de festa e louvor.<\/p>\n<p>Com tema: &#8220;Cria em mim, \u00f3 Deus um cora\u00e7\u00e3o puro, e renova em mim um esp\u00edrito reto&#8221;, o UJAADEM come\u00e7a nesta quinta-feira, 16 e se estender\u00e1 at\u00e9 o pr\u00f3ximo domingo, 19 de novembro.<\/p>\n<p><a href=\"http:\/\/www.muricionline.com.br\/novo\/wp-content\/uploads\/2017\/11\/IMG-20171114-WA0108.jpg\"><img loading=\"lazy\" decoding=\"async\" class=\"aligncenter size-full wp-image-7257\" src=\"http:\/\/www.muricionline.com.br\/novo\/wp-content\/uploads\/2017\/11\/IMG-20171114-WA0108.jpg\" alt=\"\" width=\"1078\" height=\"1280\" srcset=\"http:\/\/www.muricionline.com.br\/novo\/wp-content\/uploads\/2017\/11\/IMG-20171114-WA0108.jpg 1078w, http:\/\/www.muricionline.com.br\/novo\/wp-content\/uploads\/2017\/11\/IMG-20171114-WA0108-253x300.jpg 253w, http:\/\/www.muricionline.com.br\/novo\/wp-content\/uploads\/2017\/11\/IMG-20171114-WA0108-768x912.jpg 768w, http:\/\/www.muricionline.com.br\/novo\/wp-content\/uploads\/2017\/11\/IMG-20171114-WA0108-862x1024.jpg 862w\" sizes=\"(max-width: 1078px) 100vw, 1078px\" \/><\/a><\/p>\n<span style=\"clear:both;display:none;\"><img src=\"http:\/\/www.muricionline.com.br\/novo\/wp-content\/plugins\/wp-spamfree\/img\/wpsf-img.php\" width=\"0\" height=\"0\" alt=\"\" style=\"border-style:none;width:0px;height:0px;display:none;\" \/><\/span>","protected":false},"excerpt":{"rendered":"<p>A Assembleia de Deus em Murici est\u00e1 em festa. A igreja que fica localizada na rua Jacinto Barbosa, no Centro da cidade, est\u00e1 realizando o d\u00e9cimo primeiro congresso do UJAADEM. O evento que tradicionalmente acontece em novembro, comemora o anivers\u00e1rio do grupo de jovens da igreja e conta com realiza\u00e7\u00f5es de palestras, cultos e apresenta\u00e7\u00f5es&#8230;<\/p>\n","protected":false},"author":1,"featured_media":7256,"comment_status":"open","ping_status":"open","sticky":false,"template":"","format":"standard","meta":{"footnotes":""},"categories":[1],"tags":[5],"_links":{"self":[{"href":"http:\/\/www.muricionline.com.br\/novo\/index.php?rest_route=\/wp\/v2\/posts\/7254"}],"collection":[{"href":"http:\/\/www.muricionline.com.br\/novo\/index.php?rest_route=\/wp\/v2\/posts"}],"about":[{"href":"http:\/\/www.muricionline.com.br\/novo\/index.php?rest_route=\/wp\/v2\/types\/post"}],"author":[{"embeddable":true,"href":"http:\/\/www.muricionline.com.br\/novo\/index.php?rest_route=\/wp\/v2\/users\/1"}],"replies":[{"embeddable":true,"href":"http:\/\/www.muricionline.com.br\/novo\/index.php?rest_route=%2Fwp%2Fv2%2Fcomments&post=7254"}],"version-history":[{"count":1,"href":"http:\/\/www.muricionline.com.br\/novo\/index.php?rest_route=\/wp\/v2\/posts\/7254\/revisions"}],"predecessor-version":[{"id":7258,"href":"http:\/\/www.muricionline.com.br\/novo\/index.php?rest_route=\/wp\/v2\/posts\/7254\/revisions\/7258"}],"wp:featuredmedia":[{"embeddable":true,"href":"http:\/\/www.muricionline.com.br\/novo\/index.php?rest_route=\/wp\/v2\/media\/7256"}],"wp:attachment":[{"href":"http:\/\/www.muricionline.com.br\/novo\/index.php?rest_route=%2Fwp%2Fv2%2Fmedia&parent=7254"}],"wp:term":[{"taxonomy":"category","embeddable":true,"href":"http:\/\/www.muricionline.com.br\/novo\/index.php?rest_route=%2Fwp%2Fv2%2Fcategories&post=7254"},{"taxonomy":"post_tag","embeddable":true,"href":"http:\/\/www.muricionline.com.br\/novo\/index.php?rest_route=%2Fwp%2Fv2%2Ftags&post=7254"}],"curies":[{"name":"wp","href":"https:\/\/api.w.org\/{rel}","templated":true}]}}