{"id":7259,"date":"2017-11-16T08:30:32","date_gmt":"2017-11-16T11:30:32","guid":{"rendered":"http:\/\/www.muricionline.com.br\/novo\/?p=7259"},"modified":"2017-11-16T08:30:32","modified_gmt":"2017-11-16T11:30:32","slug":"nos-128-anos-da-republica-marechal-deodoro-volta-a-ser-capital-de-alagoas","status":"publish","type":"post","link":"http:\/\/www.muricionline.com.br\/novo\/?p=7259","title":{"rendered":"Nos 128 anos da Rep\u00fablica, Marechal Deodoro volta a ser capital de Alagoas"},"content":{"rendered":"<p>A primeira capital do Alagoas, Marechal Deodoro, voltou a ser sede do Governo do Estado por mais um dia. A transfer\u00eancia da capital para a cidade hist\u00f3rica foi oficializada nesta quarta-feira (15) pelo governador Renan Filho, em comemora\u00e7\u00e3o aos 128 anos da Proclama\u00e7\u00e3o da Rep\u00fablica. A cerim\u00f4nia foi realizada no Pal\u00e1cio Provincial de Marechal Deodoro, com as presen\u00e7as do prefeito Cl\u00e1udio Roberto Ayres da Costa, o Cacau, secret\u00e1rios de Estado, prefeitos de v\u00e1rios munic\u00edpios, vereadores e autoridades de diversos segmentos.<\/p>\n<div class=\"itemBody\">\n<div class=\"itemFullText\">\n<p>&nbsp;<\/p>\n<p>Para o governador Renan Filho, a transmiss\u00e3o da capital representa o resgate de uma das personalidades mais importantes da hist\u00f3ria de Alagoas e do pa\u00eds, o proclamador da Rep\u00fablica e primeiro presidente do Brasil, Manoel Deodoro da Fonseca.<\/p>\n<p><img decoding=\"async\" src=\"http:\/\/www.agenciaalagoas.al.gov.br\/images\/NOTICIAS_2017\/11_NOVEMBRO\/semana_03\/f595c64b-aa15-4452-8a68-d8ce19a06850.jpg\" alt=\"\"><\/p>\n<p>\u201cMarechal Deodoro \u00e9 uma cidade muito importante para a hist\u00f3ria da Rep\u00fablica, uma vez que aqui nasceu seu proclamador. Hoje, de Marechal, mandamos uma mensagem para todo o Estado de Alagoas e para todo o Brasil. Uma mensagem da necessidade do avan\u00e7o democr\u00e1tico do pa\u00eds, da consolida\u00e7\u00e3o di\u00e1ria da Rep\u00fablica, da supera\u00e7\u00e3o da crise econ\u00f4mica com a retomada da economia brasileira, da necessidade de solu\u00e7\u00f5es para essas dificuldades em que vivem os brasileiros. Ressaltamos ainda, nesta data, os valores da igualdade, da democracia e dos direitos humanos, que devem estar sempre presentes em nossas a\u00e7\u00f5es\u201d, afirmou o governador.<\/p>\n<p>&nbsp;<\/p>\n<p>Marechal Deodoro foi fundada em 1611 com o nome de povoado de Vila Madalena de Suba\u00fama. Foi a primeira capital da prov\u00edncia de Alagoas, entre 1817 e 1839, quando a sede administrativa da prov\u00edncia passou a ser Macei\u00f3. Em 1939, a cidade recebeu o nome atual, em homenagem a seu filho mais ilustre.<\/p>\n<p>&nbsp;<\/p>\n<p>O prefeito de Marechal Deodoro, Cl\u00e1udio Ayres,&nbsp;reverenciou a hist\u00f3ria de bravura de Manoel Deodoro da Fonseca e a import\u00e2ncia, para o povo deodorense, das comemora\u00e7\u00f5es do 15 de Novembro.<\/p>\n<p><img decoding=\"async\" src=\"http:\/\/www.agenciaalagoas.al.gov.br\/images\/NOTICIAS_2017\/11_NOVEMBRO\/semana_03\/a0c09a3f-e2d0-4577-9f1c-bc916f1fe022.jpg\" alt=\"\"><\/p>\n<p>\u201cNo dia de hoje, comemoramos tamb\u00e9m os 190 anos de Manoel Deodoro da Fonseca e massacrares recebe o Governo de Alagoas para honrar sua mem\u00f3ria. Celebrar a hist\u00f3ria de Deodoro da Fonseca \u00e9 celebrar a for\u00e7a do nosso povo\u201d, disse o prefeito.<\/p>\n<p>&nbsp;<\/p>\n<p>Em Marechal, o governador Renan Filho e o prefeito Cl\u00e1udio Ayres participaram do hasteamento das bandeiras do Brasil e de Alagoas e oficializaram a transfer\u00eancia da sede do Governo para o munic\u00edpio. Renan Filho lembrou ainda das obras e investimentos do Estado na cidade, algumas delas inauguradas nesta quarta-feira.<\/p>\n<p>&nbsp;<\/p>\n<p>\u201cEu destaco duas a\u00e7\u00f5es do entregues hoje aqui em Marechal. A primeira, um investimento do Estado por meio do programa Pr\u00f3-Estrada, que reconstruiu todo o acesso ao munic\u00edpio, uma cidade important\u00edssima pelo seu componente hist\u00f3rico, cultural gastron\u00f4mico, pelas suas belezas naturais, muito forte pela sua capacidade de atrair turistas. De modo que o Pr\u00f3-Estrada chegou aqui para potencializar essa caracter\u00edstica\u201d, explicou Renan Filho.&nbsp;<\/p>\n<p>&nbsp;<\/p>\n<p>\u201cVamos lan\u00e7ar tamb\u00e9m, ao lado do prefeito, uma obra de abastecimento, executada com recursos federais viabilizados pela Funasa por interm\u00e9dio do senador Renan Calheiros, que ser\u00e1 a maior obra h\u00eddrica executada por um munic\u00edpio no Estado de Alagoas. Dessa forma, Marechal Deodoro se prepara cada vez mais para oferecer melhoria na qualidade de vida de seu povo\u201d, afirmou o governador.<\/p>\n<p>&nbsp;<\/p>\n<\/div>\n<p>Com Ag\u00eancia Alagoas&nbsp;<\/p>\n<p>Fotos: Marcio Ferreira&nbsp;<\/p>\n<\/div>\n<span style=\"clear:both;display:none;\"><img src=\"http:\/\/www.muricionline.com.br\/novo\/wp-content\/plugins\/wp-spamfree\/img\/wpsf-img.php\" width=\"0\" height=\"0\" alt=\"\" style=\"border-style:none;width:0px;height:0px;display:none;\" \/><\/span>","protected":false},"excerpt":{"rendered":"<p>A primeira capital do Alagoas, Marechal Deodoro, voltou a ser sede do Governo do Estado por mais um dia. A transfer\u00eancia da capital para a cidade hist\u00f3rica foi oficializada nesta quarta-feira (15) pelo governador Renan Filho, em comemora\u00e7\u00e3o aos 128 anos da Proclama\u00e7\u00e3o da Rep\u00fablica. A cerim\u00f4nia foi realizada no Pal\u00e1cio Provincial de Marechal Deodoro,&#8230;<\/p>\n","protected":false},"author":1,"featured_media":7260,"comment_status":"open","ping_status":"open","sticky":false,"template":"","format":"standard","meta":{"footnotes":""},"categories":[1],"tags":[5],"_links":{"self":[{"href":"http:\/\/www.muricionline.com.br\/novo\/index.php?rest_route=\/wp\/v2\/posts\/7259"}],"collection":[{"href":"http:\/\/www.muricionline.com.br\/novo\/index.php?rest_route=\/wp\/v2\/posts"}],"about":[{"href":"http:\/\/www.muricionline.com.br\/novo\/index.php?rest_route=\/wp\/v2\/types\/post"}],"author":[{"embeddable":true,"href":"http:\/\/www.muricionline.com.br\/novo\/index.php?rest_route=\/wp\/v2\/users\/1"}],"replies":[{"embeddable":true,"href":"http:\/\/www.muricionline.com.br\/novo\/index.php?rest_route=%2Fwp%2Fv2%2Fcomments&post=7259"}],"version-history":[{"count":1,"href":"http:\/\/www.muricionline.com.br\/novo\/index.php?rest_route=\/wp\/v2\/posts\/7259\/revisions"}],"predecessor-version":[{"id":7261,"href":"http:\/\/www.muricionline.com.br\/novo\/index.php?rest_route=\/wp\/v2\/posts\/7259\/revisions\/7261"}],"wp:featuredmedia":[{"embeddable":true,"href":"http:\/\/www.muricionline.com.br\/novo\/index.php?rest_route=\/wp\/v2\/media\/7260"}],"wp:attachment":[{"href":"http:\/\/www.muricionline.com.br\/novo\/index.php?rest_route=%2Fwp%2Fv2%2Fmedia&parent=7259"}],"wp:term":[{"taxonomy":"category","embeddable":true,"href":"http:\/\/www.muricionline.com.br\/novo\/index.php?rest_route=%2Fwp%2Fv2%2Fcategories&post=7259"},{"taxonomy":"post_tag","embeddable":true,"href":"http:\/\/www.muricionline.com.br\/novo\/index.php?rest_route=%2Fwp%2Fv2%2Ftags&post=7259"}],"curies":[{"name":"wp","href":"https:\/\/api.w.org\/{rel}","templated":true}]}}