{"id":7283,"date":"2017-11-17T15:52:12","date_gmt":"2017-11-17T18:52:12","guid":{"rendered":"http:\/\/www.muricionline.com.br\/novo\/?p=7283"},"modified":"2017-11-17T16:05:32","modified_gmt":"2017-11-17T19:05:32","slug":"fapem-de-murici-antecipa-pagamento-dos-aposentados-e-pensionistas","status":"publish","type":"post","link":"http:\/\/www.muricionline.com.br\/novo\/?p=7283","title":{"rendered":"FAPEM de Murici antecipa pagamento dos aposentados e pensionistas"},"content":{"rendered":"<p>O Prefeito Olavo Neto e o Conselho Municipal de Previd\u00eancia &#8211; CMP\/FAPEM informam que est\u00e1 dispon\u00edvel, a partir desta sexta-feira, 17, os vencimentos do m\u00eas de novembro dos servidores aposentados, pensionistas&nbsp; e auxilio&nbsp; doen\u00e7a do RPPS do munic\u00edpio.<\/p>\n<p>O adiantamento ocorre em virtude do feriado da pr\u00f3xima segunda-feira, Dia da Consci\u00eancia Negra.&nbsp;<\/p>\n<span style=\"clear:both;display:none;\"><img src=\"http:\/\/www.muricionline.com.br\/novo\/wp-content\/plugins\/wp-spamfree\/img\/wpsf-img.php\" width=\"0\" height=\"0\" alt=\"\" style=\"border-style:none;width:0px;height:0px;display:none;\" \/><\/span>","protected":false},"excerpt":{"rendered":"<p>O Prefeito Olavo Neto e o Conselho Municipal de Previd\u00eancia &#8211; CMP\/FAPEM informam que est\u00e1 dispon\u00edvel, a partir desta sexta-feira, 17, os vencimentos do m\u00eas de novembro dos servidores aposentados, pensionistas&nbsp; e auxilio&nbsp; doen\u00e7a do RPPS do munic\u00edpio. O adiantamento ocorre em virtude do feriado da pr\u00f3xima segunda-feira, Dia da Consci\u00eancia Negra.&nbsp;<\/p>\n","protected":false},"author":1,"featured_media":7286,"comment_status":"open","ping_status":"open","sticky":false,"template":"","format":"standard","meta":{"footnotes":""},"categories":[1],"tags":[5],"_links":{"self":[{"href":"http:\/\/www.muricionline.com.br\/novo\/index.php?rest_route=\/wp\/v2\/posts\/7283"}],"collection":[{"href":"http:\/\/www.muricionline.com.br\/novo\/index.php?rest_route=\/wp\/v2\/posts"}],"about":[{"href":"http:\/\/www.muricionline.com.br\/novo\/index.php?rest_route=\/wp\/v2\/types\/post"}],"author":[{"embeddable":true,"href":"http:\/\/www.muricionline.com.br\/novo\/index.php?rest_route=\/wp\/v2\/users\/1"}],"replies":[{"embeddable":true,"href":"http:\/\/www.muricionline.com.br\/novo\/index.php?rest_route=%2Fwp%2Fv2%2Fcomments&post=7283"}],"version-history":[{"count":3,"href":"http:\/\/www.muricionline.com.br\/novo\/index.php?rest_route=\/wp\/v2\/posts\/7283\/revisions"}],"predecessor-version":[{"id":7287,"href":"http:\/\/www.muricionline.com.br\/novo\/index.php?rest_route=\/wp\/v2\/posts\/7283\/revisions\/7287"}],"wp:featuredmedia":[{"embeddable":true,"href":"http:\/\/www.muricionline.com.br\/novo\/index.php?rest_route=\/wp\/v2\/media\/7286"}],"wp:attachment":[{"href":"http:\/\/www.muricionline.com.br\/novo\/index.php?rest_route=%2Fwp%2Fv2%2Fmedia&parent=7283"}],"wp:term":[{"taxonomy":"category","embeddable":true,"href":"http:\/\/www.muricionline.com.br\/novo\/index.php?rest_route=%2Fwp%2Fv2%2Fcategories&post=7283"},{"taxonomy":"post_tag","embeddable":true,"href":"http:\/\/www.muricionline.com.br\/novo\/index.php?rest_route=%2Fwp%2Fv2%2Ftags&post=7283"}],"curies":[{"name":"wp","href":"https:\/\/api.w.org\/{rel}","templated":true}]}}