{"id":7298,"date":"2017-11-17T19:51:47","date_gmt":"2017-11-17T22:51:47","guid":{"rendered":"http:\/\/www.muricionline.com.br\/novo\/?p=7298"},"modified":"2017-11-17T19:51:47","modified_gmt":"2017-11-17T22:51:47","slug":"conselheiros-tutelares-de-santana-do-mundau-participam-de-festa-em-homenagem-ao-seu-dia","status":"publish","type":"post","link":"http:\/\/www.muricionline.com.br\/novo\/?p=7298","title":{"rendered":"Conselheiros Tutelares de Santana do Munda\u00fa participam de festa em homenagem ao seu dia"},"content":{"rendered":"<p>Para comemorar o dia do Conselheiro Tutelar, celebrado nacionalmente no dia 18 de novembro,&nbsp;o presidente do&nbsp;Conselho Municipal dos Direitos da Crian\u00e7a e do Adolescente&nbsp;(CMDCA)&nbsp;de&nbsp;Santana do Munda\u00fa,&nbsp;Ivanildo Marcolino, com apoio da prefeitura, atrav\u00e9s das secretarias municipais, realizou uma animada festa nesta sexta-feira (17).&nbsp;<\/p>\n<div class=\"row\">\n<div class=\"col-md-8\">\n<div class=\"post-content\">\n<article class=\"lite-image-text-block\">\n<p data-xp=\"0\">Com apresenta\u00e7\u00f5es art\u00edsticas, palestras educativas e muita alegria, a quadra da Escola Pequeno Pr\u00edncipe ficou tomada de crian\u00e7as e convidados especiais, como&nbsp;o prefeito Arthur Freitas, que&nbsp;falou da import\u00e2ncia do conselho para o munic\u00edpio,&nbsp;parabenizando sua atua\u00e7\u00e3o junto \u00e0 comunidade&nbsp;.&nbsp;\u201cVoc\u00eas s\u00e3o pe\u00e7as fundamentais&nbsp;para mudar a cultura de viol\u00eancia, porque n\u00e3o faremos isso se n\u00e3o come\u00e7armos a trabalhar com o respeito aos direitos da crian\u00e7a e do adolescente.&nbsp;A atua\u00e7\u00e3o em conjunto com essa rede de prote\u00e7\u00e3o,&nbsp;tem nos ajudado a cumprir o ECA (Estatuto da Crian\u00e7a e do Adolescente) e, tamb\u00e9m, melhorar cada vez mais as condi\u00e7\u00f5es de trabalho de quem atua neste setor&#8221;, disse.<\/p>\n<p data-xp=\"0\"><a href=\"http:\/\/www.muricionline.com.br\/novo\/wp-content\/uploads\/2017\/11\/FB_IMG_1510958969764.jpg\"><img loading=\"lazy\" decoding=\"async\" class=\"aligncenter size-full wp-image-7300\" src=\"http:\/\/www.muricionline.com.br\/novo\/wp-content\/uploads\/2017\/11\/FB_IMG_1510958969764.jpg\" alt=\"\" width=\"334\" height=\"250\" srcset=\"http:\/\/www.muricionline.com.br\/novo\/wp-content\/uploads\/2017\/11\/FB_IMG_1510958969764.jpg 334w, http:\/\/www.muricionline.com.br\/novo\/wp-content\/uploads\/2017\/11\/FB_IMG_1510958969764-300x225.jpg 300w\" sizes=\"(max-width: 334px) 100vw, 334px\" \/><\/a><\/p>\n<p>Ao t\u00e9rmino da sua fala, o gestor foi surpreendido com o t\u00edtulo de &#8220;Prefeito Amigo da Crian\u00e7a&#8221;, entregue pelos membros do Conselho: Elson Soares; Priscila Quintino; Juvenilton Alves; Alane Ferreira e Cresivaldo L\u00facio. &#8220;A gente trabalha sem a preocupa\u00e7\u00e3o de receber t\u00edtulos ou honrarias, por\u00e9m, a confirma\u00e7\u00e3o deste reconhecimento,&nbsp;nos deixa muito felizes, \u00e9 claro, pois significa que estamos no caminho certo para garantir um futuro melhor para nossas crian\u00e7as&#8221;, concluiu, Freitas.<\/p>\n<\/article>\n<\/div>\n<p>&nbsp;<\/p>\n<p>Com Ascom\/Santana do Munda\u00fa&nbsp;<\/p>\n<\/div>\n<\/div>\n<span style=\"clear:both;display:none;\"><img src=\"http:\/\/www.muricionline.com.br\/novo\/wp-content\/plugins\/wp-spamfree\/img\/wpsf-img.php\" width=\"0\" height=\"0\" alt=\"\" style=\"border-style:none;width:0px;height:0px;display:none;\" \/><\/span>","protected":false},"excerpt":{"rendered":"<p>Para comemorar o dia do Conselheiro Tutelar, celebrado nacionalmente no dia 18 de novembro,&nbsp;o presidente do&nbsp;Conselho Municipal dos Direitos da Crian\u00e7a e do Adolescente&nbsp;(CMDCA)&nbsp;de&nbsp;Santana do Munda\u00fa,&nbsp;Ivanildo Marcolino, com apoio da prefeitura, atrav\u00e9s das secretarias municipais, realizou uma animada festa nesta sexta-feira (17).&nbsp; Com apresenta\u00e7\u00f5es art\u00edsticas, palestras educativas e muita alegria, a quadra da Escola Pequeno&#8230;<\/p>\n","protected":false},"author":1,"featured_media":7299,"comment_status":"open","ping_status":"open","sticky":false,"template":"","format":"standard","meta":{"footnotes":""},"categories":[1],"tags":[5],"_links":{"self":[{"href":"http:\/\/www.muricionline.com.br\/novo\/index.php?rest_route=\/wp\/v2\/posts\/7298"}],"collection":[{"href":"http:\/\/www.muricionline.com.br\/novo\/index.php?rest_route=\/wp\/v2\/posts"}],"about":[{"href":"http:\/\/www.muricionline.com.br\/novo\/index.php?rest_route=\/wp\/v2\/types\/post"}],"author":[{"embeddable":true,"href":"http:\/\/www.muricionline.com.br\/novo\/index.php?rest_route=\/wp\/v2\/users\/1"}],"replies":[{"embeddable":true,"href":"http:\/\/www.muricionline.com.br\/novo\/index.php?rest_route=%2Fwp%2Fv2%2Fcomments&post=7298"}],"version-history":[{"count":1,"href":"http:\/\/www.muricionline.com.br\/novo\/index.php?rest_route=\/wp\/v2\/posts\/7298\/revisions"}],"predecessor-version":[{"id":7301,"href":"http:\/\/www.muricionline.com.br\/novo\/index.php?rest_route=\/wp\/v2\/posts\/7298\/revisions\/7301"}],"wp:featuredmedia":[{"embeddable":true,"href":"http:\/\/www.muricionline.com.br\/novo\/index.php?rest_route=\/wp\/v2\/media\/7299"}],"wp:attachment":[{"href":"http:\/\/www.muricionline.com.br\/novo\/index.php?rest_route=%2Fwp%2Fv2%2Fmedia&parent=7298"}],"wp:term":[{"taxonomy":"category","embeddable":true,"href":"http:\/\/www.muricionline.com.br\/novo\/index.php?rest_route=%2Fwp%2Fv2%2Fcategories&post=7298"},{"taxonomy":"post_tag","embeddable":true,"href":"http:\/\/www.muricionline.com.br\/novo\/index.php?rest_route=%2Fwp%2Fv2%2Ftags&post=7298"}],"curies":[{"name":"wp","href":"https:\/\/api.w.org\/{rel}","templated":true}]}}