{"id":7319,"date":"2017-11-19T08:48:05","date_gmt":"2017-11-19T11:48:05","guid":{"rendered":"http:\/\/www.muricionline.com.br\/novo\/?p=7319"},"modified":"2017-11-19T08:48:05","modified_gmt":"2017-11-19T11:48:05","slug":"prefeito-rodrigo-valenca-torna-realidade-o-sonho-de-menina-de-30-adolescentes","status":"publish","type":"post","link":"http:\/\/www.muricionline.com.br\/novo\/?p=7319","title":{"rendered":"Prefeito Rodrigo Valen\u00e7a torna realidade o &#8220;Sonho de Menina&#8221; de 30 adolescentes"},"content":{"rendered":"<p>A Secretaria de Assist\u00eancia Social e Instituto Brasileiro de Desenvolvimento Social, lan\u00e7am no pr\u00f3ximo dia 24 o projeto &#8220;Sonho de Menina&#8221;, com a participa\u00e7\u00e3o de adolescentes que est\u00e3o completando 15 anos. O baile das debutantes acontever\u00e1 no espa\u00e7o de eventos em S\u00e3o Jos\u00e9 da Laje.<\/p>\n<p>As debutantes s\u00e3o alunas das escolas da rede municipal de ensino de S\u00e3o Jos\u00e9 da Laje que participam dos programas sociais da secretaria municipal de Assist\u00eancia Social, no total de 30 jovens. \u201cQuando crian\u00e7a, toda menina sonha em ter sua festa de 15 anos, ent\u00e3o esse sonho sair\u00e1 do papel e o prefeito Rodrigo Valen\u00e7a vai transform\u00e1-lo em realidade no dia 24\u201d, disse Carly Valen\u00e7a, Secret\u00e1ria Municipal de Assist\u00eancia Social.<\/p>\n<p>A iniciativa busca incentivar a permanencia das estudantes na escola, visto que para participar, elas precisam frequentar assiduamente as aulas e possuir um bom rendimento escolar.<\/p>\n<p>Ainda segundo a Secret\u00e1ria, o projeto iniciou em meados de agosto, atrav\u00e9s de reda\u00e7\u00e3o, este foi o crit\u00e9rio de escolha. \u201cAs debutantes estar\u00e3o lindas, ganhar\u00e3o um kit completo de roupa, maquiagem, penteado, sapato e brinco\u201d, concluiu Carly Valen\u00e7a. J\u00e1 na festa baile, elas ser\u00e3o as protagonistas, no jantar, nas apresenta\u00e7\u00f5es coreografadas, al\u00e9m da valsa.<\/p>\n<p>&nbsp;<\/p>\n<p>Por SECOM\/ S\u00e3o Jos\u00e9 da Laje<\/p>\n<span style=\"clear:both;display:none;\"><img src=\"http:\/\/www.muricionline.com.br\/novo\/wp-content\/plugins\/wp-spamfree\/img\/wpsf-img.php\" width=\"0\" height=\"0\" alt=\"\" style=\"border-style:none;width:0px;height:0px;display:none;\" \/><\/span>","protected":false},"excerpt":{"rendered":"<p>A Secretaria de Assist\u00eancia Social e Instituto Brasileiro de Desenvolvimento Social, lan\u00e7am no pr\u00f3ximo dia 24 o projeto &#8220;Sonho de Menina&#8221;, com a participa\u00e7\u00e3o de adolescentes que est\u00e3o completando 15 anos. O baile das debutantes acontever\u00e1 no espa\u00e7o de eventos em S\u00e3o Jos\u00e9 da Laje. As debutantes s\u00e3o alunas das escolas da rede municipal de&#8230;<\/p>\n","protected":false},"author":1,"featured_media":7320,"comment_status":"open","ping_status":"open","sticky":false,"template":"","format":"standard","meta":{"footnotes":""},"categories":[1],"tags":[5],"_links":{"self":[{"href":"http:\/\/www.muricionline.com.br\/novo\/index.php?rest_route=\/wp\/v2\/posts\/7319"}],"collection":[{"href":"http:\/\/www.muricionline.com.br\/novo\/index.php?rest_route=\/wp\/v2\/posts"}],"about":[{"href":"http:\/\/www.muricionline.com.br\/novo\/index.php?rest_route=\/wp\/v2\/types\/post"}],"author":[{"embeddable":true,"href":"http:\/\/www.muricionline.com.br\/novo\/index.php?rest_route=\/wp\/v2\/users\/1"}],"replies":[{"embeddable":true,"href":"http:\/\/www.muricionline.com.br\/novo\/index.php?rest_route=%2Fwp%2Fv2%2Fcomments&post=7319"}],"version-history":[{"count":1,"href":"http:\/\/www.muricionline.com.br\/novo\/index.php?rest_route=\/wp\/v2\/posts\/7319\/revisions"}],"predecessor-version":[{"id":7321,"href":"http:\/\/www.muricionline.com.br\/novo\/index.php?rest_route=\/wp\/v2\/posts\/7319\/revisions\/7321"}],"wp:featuredmedia":[{"embeddable":true,"href":"http:\/\/www.muricionline.com.br\/novo\/index.php?rest_route=\/wp\/v2\/media\/7320"}],"wp:attachment":[{"href":"http:\/\/www.muricionline.com.br\/novo\/index.php?rest_route=%2Fwp%2Fv2%2Fmedia&parent=7319"}],"wp:term":[{"taxonomy":"category","embeddable":true,"href":"http:\/\/www.muricionline.com.br\/novo\/index.php?rest_route=%2Fwp%2Fv2%2Fcategories&post=7319"},{"taxonomy":"post_tag","embeddable":true,"href":"http:\/\/www.muricionline.com.br\/novo\/index.php?rest_route=%2Fwp%2Fv2%2Ftags&post=7319"}],"curies":[{"name":"wp","href":"https:\/\/api.w.org\/{rel}","templated":true}]}}