{"id":7328,"date":"2017-11-20T22:52:33","date_gmt":"2017-11-21T01:52:33","guid":{"rendered":"http:\/\/www.muricionline.com.br\/novo\/?p=7328"},"modified":"2017-11-20T22:53:41","modified_gmt":"2017-11-21T01:53:41","slug":"7328","status":"publish","type":"post","link":"http:\/\/www.muricionline.com.br\/novo\/?p=7328","title":{"rendered":"Renan Filho inaugura vias urbanas e acessos asfaltados em Uni\u00e3o dos Palmares"},"content":{"rendered":"<p>Asfalto pronto, vias sinalizadas, tr\u00e1fego a fluir, povo satisfeito. As obras do Programa Pr\u00f3-Estrada foram inauguradas na manh\u00e3 desta segunda-feira (20), em Uni\u00e3o dos Palmares, no Vale do Munda\u00fa alagoano.<\/p>\n<div class=\"itemBody\">\n<div class=\"itemFullText\">\n<p>&nbsp;<\/p>\n<p>O governador Renan Filho, o secret\u00e1rio de Transporte e Desenvolvimento Urbano, Mosart Amaral; e o prefeito de Uni\u00e3o dos Palmares, Areski Freitas, descerraram a placa de inaugura\u00e7\u00e3o, instalada na Pra\u00e7a de Alimenta\u00e7\u00e3o, Centro da cidade.<\/p>\n<p>&nbsp;<\/p>\n<p>&#8220;Uni\u00e3o dos Palmares \u00e9 uma das cidades mais importantes de Alagoas e do Vale do Munda\u00fa, o principal munic\u00edpio. Quando Uni\u00e3o cresce e avan\u00e7a, todo o Estado cresce tamb\u00e9m&#8221;, destacou Renan Filho.<\/p>\n<p>&nbsp;<\/p>\n<p>O Pr\u00f3-Estrada \u00e9 executado pela Secretaria de Estado do Transporte e Desenvolvimento Urbano (Setrand). Em Uni\u00e3o dos Palmares, o Programa asfaltou e sinalizou mais de 20 quil\u00f4metros das principais vias urbanas do munic\u00edpio, al\u00e9m de dois acessos.<\/p>\n<p><img decoding=\"async\" src=\"http:\/\/www.agenciaalagoas.al.gov.br\/images\/NOTICIAS_2017\/11_NOVEMBRO\/semana_04\/2011UNIAO_MF1.jpg\" alt=\"\"><\/p>\n<p>&#8220;A cidade est\u00e1 linda com o asfalto e toda a sinaliza\u00e7\u00e3o horizontal e vertical implantada&#8221;, informou Mosart Amaral.<\/p>\n<p>&nbsp;<\/p>\n<p>A solenidade de inaugura\u00e7\u00e3o fez parte da programa\u00e7\u00e3o festiva, alusiva ao Dia da Consci\u00eancia Negra na terra de Zumbi dos Palmares, comemorado nesta segunda-feira (20).<\/p>\n<p>&nbsp;<\/p>\n<p>&#8220;A hist\u00f3ria de Zumbi dos Palmares e sua luta por liberdade e igualdade racial s\u00e3o muito importantes para o nosso povo. Estar aqui no 20 de novembro \u00e9 uma grande satisfa\u00e7\u00e3o, porque estamos comemorando esta data e entregando obras muito importantes para os moradores de Uni\u00e3o dos Palmares&#8221;, destacou o governador.<\/p>\n<p><img decoding=\"async\" src=\"http:\/\/www.agenciaalagoas.al.gov.br\/images\/NOTICIAS_2017\/11_NOVEMBRO\/semana_04\/2011UNIAO_MF2.jpg\" alt=\"\"><\/p>\n<p><b>Melhorias<\/b><\/p>\n<p>&nbsp;<\/p>\n<p>O Pr\u00f3-Estrada restaura e eleva a qualidade das rodovias estaduais e vias urbanas em mais de 60 munic\u00edpios alagoanos e em seis povoados. O Programa j\u00e1 percorreu e atuou em cerca de 700 km da malha vi\u00e1ria com pouco mais de um ano de execu\u00e7\u00e3o.<\/p>\n<p>&nbsp;<\/p>\n<p>Edvaldo Lopes da Silva tem 47 anos de idade e h\u00e1 17 trabalha como mototaxista em Uni\u00e3o dos Palmares. Ele disse que as vias pavimentadas proporcionam maior seguran\u00e7a e conforto aos passageiros e profissionais que atuam na atividade.<\/p>\n<p>&nbsp;<\/p>\n<p>&#8220;A cidade vivia esburacada e hoje n\u00e3o temos mais esse sofrimento. O percurso que a gente faz est\u00e1 praticamente todo pavimentado. Isso facilita muito&#8221;, afirmou o mototaxista.<\/p>\n<p><img decoding=\"async\" src=\"http:\/\/www.agenciaalagoas.al.gov.br\/images\/NOTICIAS_2017\/11_NOVEMBRO\/semana_04\/2011UNIAO_MF.jpg\" alt=\"\"><\/p>\n<p>O prefeito Kil destacou a parceria entre o munic\u00edpio de Uni\u00e3o dos Palmares e o Governo do Estado, que tem atendido as demandas da cidade palmarina, sobretudo nos setores da Seguran\u00e7a P\u00fablica, Educa\u00e7\u00e3o e da Sa\u00fade.<\/p>\n<p>&nbsp;<\/p>\n<p>&#8220;Renan Filho tem feito um governo de muito trabalho e equil\u00edbrio fiscal, em meio \u00e0 maior crise econ\u00f4mica nacional. Ele n\u00e3o tem medido esfor\u00e7os para colaborar com os munic\u00edpios alagoanos, sobretudo com Uni\u00e3o dos Palmares. As administra\u00e7\u00f5es municipais s\u00e3o as que mais sofrem nesse momento. Como prefeito, estou muito feliz porque sei da import\u00e2ncia desse momento para a nossa cidade&#8221;, disse o prefeito Kil.<\/p>\n<p>&nbsp;<\/p>\n<p>Ele aproveitou para anunciar que o munic\u00edpio est\u00e1 preparando um projeto or\u00e7ado em R$ 5 milh\u00f5es &#8211; recursos do Governo do Estado &#8211; para pavimentar as ruas do Conjunto Santa Maria Madalena e do bairro Roberto Correia de Ara\u00fajo. Ele solicitou ao governador que fa\u00e7a a pavimenta\u00e7\u00e3o do acesso \u00e0 Comunidade Quilombola do Muqu\u00e9m.<\/p>\n<p>&nbsp;<\/p>\n<p>O governador garantiu que vai executar a obra, bem como reconstruir a Rodovi\u00e1ria Municipal, implantar a estrada de acesso ao Vale da Pelada, interligando as BRs 101 a 104, at\u00e9 Joaquim Gomes; al\u00e9m da rodovia que integrar\u00e1 os vales do Munda\u00fa e Para\u00edba.<\/p>\n<p>&nbsp;<\/p>\n<p>&#8220;Outra obra muito importante \u00e9 a constru\u00e7\u00e3o do Hospital Regional da Mata, aqui em Uni\u00e3o dos Palmares, cujo edital de licita\u00e7\u00e3o j\u00e1 foi lan\u00e7ado. Ser\u00e1 o maior empregador de m\u00e3o de obra da cidade, depois da prefeitura&#8221;, declarou Renan Filho.<\/p>\n<p>&nbsp;<\/p>\n<p>A solenidade de inaugura\u00e7\u00e3o das obras do Pr\u00f3-Estrada em Uni\u00e3o dos Palmares foi prestigiada, ainda, pelo secret\u00e1rio executivo de Infraestrutura, Victor Vigolvino; da Mulher e dos Direitos Humanos, Cl\u00e1udia Sim\u00f5es; pelos deputados estadual Ronaldo Medeiros e federais Ronaldo Lessa e Rosinha da Adefal, o superintendente de Opera\u00e7\u00f5es do Departamento de Estradas e Rodagem (DER\/AL), Iran Menezes, prefeitos de munic\u00edpios da regi\u00e3o, dentre outras autoridades.<\/p>\n<p>&nbsp;<\/p>\n<p>Ap\u00f3s a solenidade, o governador e toda a sua comitiva seguiram para a Serra da Barriga, onde Renan Filho assina a ordem de servi\u00e7o para a implanta\u00e7\u00e3o do acesso ao local, principal reduto do Quilombo dos Palmares.<\/p>\n<p>&nbsp;<\/p>\n<\/div>\n<\/div>\n<p>Com Ag\u00eancia Alagoas&nbsp;<\/p>\n<p>Fotos: Marcio Ferreira&nbsp;<\/p>\n<span style=\"clear:both;display:none;\"><img src=\"http:\/\/www.muricionline.com.br\/novo\/wp-content\/plugins\/wp-spamfree\/img\/wpsf-img.php\" width=\"0\" height=\"0\" alt=\"\" style=\"border-style:none;width:0px;height:0px;display:none;\" \/><\/span>","protected":false},"excerpt":{"rendered":"<p>Asfalto pronto, vias sinalizadas, tr\u00e1fego a fluir, povo satisfeito. As obras do Programa Pr\u00f3-Estrada foram inauguradas na manh\u00e3 desta segunda-feira (20), em Uni\u00e3o dos Palmares, no Vale do Munda\u00fa alagoano. &nbsp; O governador Renan Filho, o secret\u00e1rio de Transporte e Desenvolvimento Urbano, Mosart Amaral; e o prefeito de Uni\u00e3o dos Palmares, Areski Freitas, descerraram a&#8230;<\/p>\n","protected":false},"author":1,"featured_media":7329,"comment_status":"open","ping_status":"open","sticky":false,"template":"","format":"standard","meta":{"footnotes":""},"categories":[1],"tags":[5],"_links":{"self":[{"href":"http:\/\/www.muricionline.com.br\/novo\/index.php?rest_route=\/wp\/v2\/posts\/7328"}],"collection":[{"href":"http:\/\/www.muricionline.com.br\/novo\/index.php?rest_route=\/wp\/v2\/posts"}],"about":[{"href":"http:\/\/www.muricionline.com.br\/novo\/index.php?rest_route=\/wp\/v2\/types\/post"}],"author":[{"embeddable":true,"href":"http:\/\/www.muricionline.com.br\/novo\/index.php?rest_route=\/wp\/v2\/users\/1"}],"replies":[{"embeddable":true,"href":"http:\/\/www.muricionline.com.br\/novo\/index.php?rest_route=%2Fwp%2Fv2%2Fcomments&post=7328"}],"version-history":[{"count":2,"href":"http:\/\/www.muricionline.com.br\/novo\/index.php?rest_route=\/wp\/v2\/posts\/7328\/revisions"}],"predecessor-version":[{"id":7333,"href":"http:\/\/www.muricionline.com.br\/novo\/index.php?rest_route=\/wp\/v2\/posts\/7328\/revisions\/7333"}],"wp:featuredmedia":[{"embeddable":true,"href":"http:\/\/www.muricionline.com.br\/novo\/index.php?rest_route=\/wp\/v2\/media\/7329"}],"wp:attachment":[{"href":"http:\/\/www.muricionline.com.br\/novo\/index.php?rest_route=%2Fwp%2Fv2%2Fmedia&parent=7328"}],"wp:term":[{"taxonomy":"category","embeddable":true,"href":"http:\/\/www.muricionline.com.br\/novo\/index.php?rest_route=%2Fwp%2Fv2%2Fcategories&post=7328"},{"taxonomy":"post_tag","embeddable":true,"href":"http:\/\/www.muricionline.com.br\/novo\/index.php?rest_route=%2Fwp%2Fv2%2Ftags&post=7328"}],"curies":[{"name":"wp","href":"https:\/\/api.w.org\/{rel}","templated":true}]}}