{"id":7334,"date":"2017-11-20T23:19:16","date_gmt":"2017-11-21T02:19:16","guid":{"rendered":"http:\/\/www.muricionline.com.br\/novo\/?p=7334"},"modified":"2017-11-20T23:19:16","modified_gmt":"2017-11-21T02:19:16","slug":"governador-assina-ordem-de-servico-para-pavimentar-acesso-a-serra-da-barriga","status":"publish","type":"post","link":"http:\/\/www.muricionline.com.br\/novo\/?p=7334","title":{"rendered":"Governador assina ordem de servi\u00e7o para pavimentar acesso \u00e0 Serra da Barriga"},"content":{"rendered":"<p>No dia da Consci\u00eancia Negra, comemorado nesta segunda-feira (20), o governador Renan Filho assinou a ordem de servi\u00e7o para a constru\u00e7\u00e3o do acesso \u00e0 Serra da Barriga, em Uni\u00e3o dos Palmares. A obra de implanta\u00e7\u00e3o e pavimenta\u00e7\u00e3o asf\u00e1ltica ter\u00e1 7,4 quil\u00f4metros de via, que v\u00e3o integrar os servi\u00e7os do programa estadual Pr\u00f3-Estrada. Da parte urbana at\u00e9 a base da Serra, o trecho ser\u00e1 em asfalto e, dali at\u00e9 o plat\u00f4, em paralelep\u00edpedos.<\/p>\n<div class=\"row\">\n<div class=\"col-xs-12 internas-conteudo\">\n<div class=\"row\">\n<div class=\"col-xs-12 mobile-person-offset\">\n<div class=\"row\">\n<div class=\"col-xs-12 col-md-width-mod internas-conteudo-especial\">\n<p>Na ocasi\u00e3o, o governador afirmou que a obra vai abrir e pavimentar caminho para a consolida\u00e7\u00e3o do turismo hist\u00f3rico, \u00e9tnico e cultural em torno da Serra da Barriga, sede do Quilombo dos Palmares. Ali viveram, entre 1597 e 1695, mais de 30 mil negros sublevados, grande parte fugida do cativeiro e que se autodeclarava liberta da escravid\u00e3o, sob o comando de Zumbi dos Palmares. Ele foi morto em combate na Serra Dois Irm\u00e3os, em Vi\u00e7osa, no dia 20 de novembro de 1695.<\/p>\n<p>&#8220;Esse \u00e9 o \u00faltimo dia 20 de Novembro que se sobe a Serra da Barriga sem pavimenta\u00e7\u00e3o. As obras come\u00e7am imediatamente e, rapidamente, vamos termin\u00e1-las. Esse investimento visa aumentar o conforto para quem visita o santu\u00e1rio hist\u00f3rico de Alagoas para o mundo. Zumbi defendeu a igualdade racial e, por isso, devemos exalt\u00e1-lo pela sua grandiosidade e luta&#8221;, declarou Renan Filho.<\/p>\n<p>O Pr\u00f3-Estrada, executado pela Secretaria de Estado do Transporte e Desenvolvimento Urbano (Setrand), restaura e eleva a qualidade das rodovias estaduais e vias urbanas em mais de 60 munic\u00edpios alagoanos. O Programa j\u00e1 percorreu e atuou em cerca de 700 km da malha vi\u00e1ria com pouco mais de um ano de execu\u00e7\u00e3o.<\/p>\n<div class=\"foto-grande\">\n<div class=\"foto\"><img decoding=\"async\" class=\"img-responsive\" src=\"http:\/\/gazetaweb.globo.com\/fotosPortal\/portal_gazetaweb_com\/noticias\/foto_grande\/2017\/11\/201711201507_9e637bb961.jpg\"><\/div>\n<div class=\"legenda cor-back\">\n<p>Governador durante solenidade ao l\u00edder negro Zumbi dos Palmares<\/p>\n<p><span class=\"autor-foto\">FOTO: M\u00c1RCIO FERREIRA\/AG\u00caNCIA ALAGOA<\/span><\/div>\n<\/div>\n<p>Solenidade&nbsp;<\/p>\n<p>O governador chegou \u00e0 Serra da Barriga e foi recebido pelo presidente da Funda\u00e7\u00e3o Cultural Palmares (FCP), Erivaldo Silva. Eles depositaram flores no Memorial a Zumbi dos Palmares. A Pol\u00edcia Militar de Alagoas prestou homenagem ao l\u00edder negro com salvas de tiro.&nbsp;<\/p>\n<p>A solenidade reuniu grupos culturais e religiosos de matriz africana. A Serra da Barriga foi tombada pelo Instituto do Patrim\u00f4nio Hist\u00f3rico e Art\u00edstico Nacional (IPHAN) em 1986 e reconhecida como patrim\u00f4nio cultural do Mercosul no \u00faltimo dia 11.<\/p>\n<p>&#8220;Foi a partir do tombamento que o Brasil passou a respeitar mais os movimentos negros. No pr\u00f3ximo ano, vamos apresentar na Unesco a proposta de transformar a Serra da Barriga em Patrim\u00f4nio da Humanidade. Fico feliz em assinar essa ordem de servi\u00e7o para fazer a estrada de acesso porque a ind\u00fastria que mais cresce hoje \u00e9 o turismo. Queremos, ent\u00e3o, fazer desta \u00e1rea um local de visita\u00e7\u00e3o permanente, para as pessoas saberem mais sobre a hist\u00f3ria e a cultura negras&#8221;, afirmou o presidente da FCP.<\/p>\n<p>J\u00e1 o prefeito de Uni\u00e3o dos Palmares, Areski Freitas, o &#8220;Kil&#8221;, afirmou que \u00e9 necess\u00e1rio desenvolver entre os moradores de Uni\u00e3o dos Palmares o sentimento de pertencimento da Serra da Barriga. &#8220;Precisamos dizer que a Serra \u00e9 nossa. Vamos acabar com essa coisa de dizer que aqui em cima n\u00e3o existe nada para se ver. A Serra da Barriga \u00e9 um solo sagrado&#8221;, afirmou Kil.<\/p>\n<p>A solenidade foi prestigiada, ainda, pelo secret\u00e1rio-executivo da Comiss\u00e3o Brasileira de Justi\u00e7a e Paz (CBJP), da Confer\u00eancia Nacional dos Bispos no Brasil (CNBB), Carlos Moura; pelo secret\u00e1rio executivo de Estado da Infraestrutura, Victor Vigolvino; de Transporte e Desenvolvimento Urbano, Mosart Amaral; da Mulher e dos Direitos Humanos, Cl\u00e1udia Sim\u00f5es; pelos deputados Ronaldo Medeiros (estadual), Ronaldo Lessa e Rosinha da Adefal (federais); pelo superintendente de Opera\u00e7\u00f5es do Departamento de Estradas e Rodagem (DER\/AL), Iran Menezes, e por prefeitos de munic\u00edpios da regi\u00e3o, entre outras autoridades.<\/p>\n<p>&nbsp;<\/p>\n<\/div>\n<p>Com Ag\u00eancia Alagoas&nbsp;<\/p>\n<p>Fotos: Marcio Ferreira&nbsp;<\/p>\n<\/div>\n<\/div>\n<\/div>\n<\/div>\n<\/div>\n<span style=\"clear:both;display:none;\"><img src=\"http:\/\/www.muricionline.com.br\/novo\/wp-content\/plugins\/wp-spamfree\/img\/wpsf-img.php\" width=\"0\" height=\"0\" alt=\"\" style=\"border-style:none;width:0px;height:0px;display:none;\" \/><\/span>","protected":false},"excerpt":{"rendered":"<p>No dia da Consci\u00eancia Negra, comemorado nesta segunda-feira (20), o governador Renan Filho assinou a ordem de servi\u00e7o para a constru\u00e7\u00e3o do acesso \u00e0 Serra da Barriga, em Uni\u00e3o dos Palmares. A obra de implanta\u00e7\u00e3o e pavimenta\u00e7\u00e3o asf\u00e1ltica ter\u00e1 7,4 quil\u00f4metros de via, que v\u00e3o integrar os servi\u00e7os do programa estadual Pr\u00f3-Estrada. Da parte urbana&#8230;<\/p>\n","protected":false},"author":1,"featured_media":7335,"comment_status":"open","ping_status":"open","sticky":false,"template":"","format":"standard","meta":{"footnotes":""},"categories":[7],"tags":[5],"_links":{"self":[{"href":"http:\/\/www.muricionline.com.br\/novo\/index.php?rest_route=\/wp\/v2\/posts\/7334"}],"collection":[{"href":"http:\/\/www.muricionline.com.br\/novo\/index.php?rest_route=\/wp\/v2\/posts"}],"about":[{"href":"http:\/\/www.muricionline.com.br\/novo\/index.php?rest_route=\/wp\/v2\/types\/post"}],"author":[{"embeddable":true,"href":"http:\/\/www.muricionline.com.br\/novo\/index.php?rest_route=\/wp\/v2\/users\/1"}],"replies":[{"embeddable":true,"href":"http:\/\/www.muricionline.com.br\/novo\/index.php?rest_route=%2Fwp%2Fv2%2Fcomments&post=7334"}],"version-history":[{"count":1,"href":"http:\/\/www.muricionline.com.br\/novo\/index.php?rest_route=\/wp\/v2\/posts\/7334\/revisions"}],"predecessor-version":[{"id":7336,"href":"http:\/\/www.muricionline.com.br\/novo\/index.php?rest_route=\/wp\/v2\/posts\/7334\/revisions\/7336"}],"wp:featuredmedia":[{"embeddable":true,"href":"http:\/\/www.muricionline.com.br\/novo\/index.php?rest_route=\/wp\/v2\/media\/7335"}],"wp:attachment":[{"href":"http:\/\/www.muricionline.com.br\/novo\/index.php?rest_route=%2Fwp%2Fv2%2Fmedia&parent=7334"}],"wp:term":[{"taxonomy":"category","embeddable":true,"href":"http:\/\/www.muricionline.com.br\/novo\/index.php?rest_route=%2Fwp%2Fv2%2Fcategories&post=7334"},{"taxonomy":"post_tag","embeddable":true,"href":"http:\/\/www.muricionline.com.br\/novo\/index.php?rest_route=%2Fwp%2Fv2%2Ftags&post=7334"}],"curies":[{"name":"wp","href":"https:\/\/api.w.org\/{rel}","templated":true}]}}