{"id":7337,"date":"2017-11-21T07:02:11","date_gmt":"2017-11-21T10:02:11","guid":{"rendered":"http:\/\/www.muricionline.com.br\/novo\/?p=7337"},"modified":"2017-11-21T07:02:11","modified_gmt":"2017-11-21T10:02:11","slug":"loja-aredes-promove-desfile-infantil-em-murici","status":"publish","type":"post","link":"http:\/\/www.muricionline.com.br\/novo\/?p=7337","title":{"rendered":"Loja Aredes promove desfile infantil em Murici"},"content":{"rendered":"<p>V\u00e1rias crian\u00e7as com idades&nbsp;entre 4 e 12 anos desfilaram looks da <strong>Loja Aredes<\/strong> na noite do \u00faltimo domingo (19), no Espa\u00e7o Benedelle. O desfile fez parte da programa\u00e7\u00e3o da loja para divulgar a nova cole\u00e7\u00e3o infanto-juvenil. Familiares estavam visivelmente emocionados nas cadeiras, acompanhando as meninas e meninos que desfilaram.<\/p>\n<p style=\"text-align: left;\"><a href=\"http:\/\/www.muricionline.com.br\/novo\/wp-content\/uploads\/2017\/11\/PSX_20171121_064855.jpg\"><img loading=\"lazy\" decoding=\"async\" class=\"aligncenter size-full wp-image-7341\" src=\"http:\/\/www.muricionline.com.br\/novo\/wp-content\/uploads\/2017\/11\/PSX_20171121_064855.jpg\" alt=\"\" width=\"6000\" height=\"4000\" srcset=\"http:\/\/www.muricionline.com.br\/novo\/wp-content\/uploads\/2017\/11\/PSX_20171121_064855.jpg 6000w, http:\/\/www.muricionline.com.br\/novo\/wp-content\/uploads\/2017\/11\/PSX_20171121_064855-300x200.jpg 300w, http:\/\/www.muricionline.com.br\/novo\/wp-content\/uploads\/2017\/11\/PSX_20171121_064855-768x512.jpg 768w, http:\/\/www.muricionline.com.br\/novo\/wp-content\/uploads\/2017\/11\/PSX_20171121_064855-1024x683.jpg 1024w\" sizes=\"(max-width: 6000px) 100vw, 6000px\" \/><\/a><br \/>\nSorrisos tamb\u00e9m n\u00e3o faltou para empresaria <strong>Roseana Louren\u00e7o<\/strong>, idealizadora do desdile e propriet\u00e1ria da loja, que comemorou o sucesso do evento agradecendo o carinho e a presen\u00e7a de todos. \u201c Tudo foi lindo e maravilhoso, estamos todos de parab\u00e9ns&#8221;, disse a empres\u00e1ria.<\/p>\n<p><a href=\"http:\/\/www.muricionline.com.br\/novo\/wp-content\/uploads\/2017\/11\/PSX_20171121_064818.jpg\"><img loading=\"lazy\" decoding=\"async\" class=\"aligncenter size-full wp-image-7340\" src=\"http:\/\/www.muricionline.com.br\/novo\/wp-content\/uploads\/2017\/11\/PSX_20171121_064818.jpg\" alt=\"\" width=\"6000\" height=\"4000\" srcset=\"http:\/\/www.muricionline.com.br\/novo\/wp-content\/uploads\/2017\/11\/PSX_20171121_064818.jpg 6000w, http:\/\/www.muricionline.com.br\/novo\/wp-content\/uploads\/2017\/11\/PSX_20171121_064818-300x200.jpg 300w, http:\/\/www.muricionline.com.br\/novo\/wp-content\/uploads\/2017\/11\/PSX_20171121_064818-768x512.jpg 768w, http:\/\/www.muricionline.com.br\/novo\/wp-content\/uploads\/2017\/11\/PSX_20171121_064818-1024x683.jpg 1024w\" sizes=\"(max-width: 6000px) 100vw, 6000px\" \/><\/a><\/p>\n<p>A Aredes fica na rua Dr. Jos\u00e9 Le\u00e3o, no centro de Murici, em frente a Ag\u00eancia da Caixa Econ\u00f4mica.<\/p>\n<p><a href=\"http:\/\/www.muricionline.com.br\/novo\/wp-content\/uploads\/2017\/11\/PSX_20171121_064751.jpg\"><img loading=\"lazy\" decoding=\"async\" class=\"aligncenter size-full wp-image-7338\" src=\"http:\/\/www.muricionline.com.br\/novo\/wp-content\/uploads\/2017\/11\/PSX_20171121_064751.jpg\" alt=\"\" width=\"6000\" height=\"4000\" srcset=\"http:\/\/www.muricionline.com.br\/novo\/wp-content\/uploads\/2017\/11\/PSX_20171121_064751.jpg 6000w, http:\/\/www.muricionline.com.br\/novo\/wp-content\/uploads\/2017\/11\/PSX_20171121_064751-300x200.jpg 300w, http:\/\/www.muricionline.com.br\/novo\/wp-content\/uploads\/2017\/11\/PSX_20171121_064751-768x512.jpg 768w, http:\/\/www.muricionline.com.br\/novo\/wp-content\/uploads\/2017\/11\/PSX_20171121_064751-1024x683.jpg 1024w\" sizes=\"(max-width: 6000px) 100vw, 6000px\" \/><\/a><\/p>\n<p><a href=\"http:\/\/www.muricionline.com.br\/novo\/wp-content\/uploads\/2017\/11\/PSX_20171121_065000.jpg\"><img loading=\"lazy\" decoding=\"async\" class=\"aligncenter size-full wp-image-7342\" src=\"http:\/\/www.muricionline.com.br\/novo\/wp-content\/uploads\/2017\/11\/PSX_20171121_065000.jpg\" alt=\"\" width=\"6000\" height=\"4000\" srcset=\"http:\/\/www.muricionline.com.br\/novo\/wp-content\/uploads\/2017\/11\/PSX_20171121_065000.jpg 6000w, http:\/\/www.muricionline.com.br\/novo\/wp-content\/uploads\/2017\/11\/PSX_20171121_065000-300x200.jpg 300w, http:\/\/www.muricionline.com.br\/novo\/wp-content\/uploads\/2017\/11\/PSX_20171121_065000-768x512.jpg 768w, http:\/\/www.muricionline.com.br\/novo\/wp-content\/uploads\/2017\/11\/PSX_20171121_065000-1024x683.jpg 1024w\" sizes=\"(max-width: 6000px) 100vw, 6000px\" \/><\/a><\/p>\n<p>&nbsp;<\/p>\n<p>&nbsp;<\/p>\n<span style=\"clear:both;display:none;\"><img src=\"http:\/\/www.muricionline.com.br\/novo\/wp-content\/plugins\/wp-spamfree\/img\/wpsf-img.php\" width=\"0\" height=\"0\" alt=\"\" style=\"border-style:none;width:0px;height:0px;display:none;\" \/><\/span>","protected":false},"excerpt":{"rendered":"<p>V\u00e1rias crian\u00e7as com idades&nbsp;entre 4 e 12 anos desfilaram looks da Loja Aredes na noite do \u00faltimo domingo (19), no Espa\u00e7o Benedelle. O desfile fez parte da programa\u00e7\u00e3o da loja para divulgar a nova cole\u00e7\u00e3o infanto-juvenil. Familiares estavam visivelmente emocionados nas cadeiras, acompanhando as meninas e meninos que desfilaram. Sorrisos tamb\u00e9m n\u00e3o faltou para empresaria&#8230;<\/p>\n","protected":false},"author":1,"featured_media":7339,"comment_status":"open","ping_status":"open","sticky":false,"template":"","format":"standard","meta":{"footnotes":""},"categories":[7],"tags":[5],"_links":{"self":[{"href":"http:\/\/www.muricionline.com.br\/novo\/index.php?rest_route=\/wp\/v2\/posts\/7337"}],"collection":[{"href":"http:\/\/www.muricionline.com.br\/novo\/index.php?rest_route=\/wp\/v2\/posts"}],"about":[{"href":"http:\/\/www.muricionline.com.br\/novo\/index.php?rest_route=\/wp\/v2\/types\/post"}],"author":[{"embeddable":true,"href":"http:\/\/www.muricionline.com.br\/novo\/index.php?rest_route=\/wp\/v2\/users\/1"}],"replies":[{"embeddable":true,"href":"http:\/\/www.muricionline.com.br\/novo\/index.php?rest_route=%2Fwp%2Fv2%2Fcomments&post=7337"}],"version-history":[{"count":2,"href":"http:\/\/www.muricionline.com.br\/novo\/index.php?rest_route=\/wp\/v2\/posts\/7337\/revisions"}],"predecessor-version":[{"id":7345,"href":"http:\/\/www.muricionline.com.br\/novo\/index.php?rest_route=\/wp\/v2\/posts\/7337\/revisions\/7345"}],"wp:featuredmedia":[{"embeddable":true,"href":"http:\/\/www.muricionline.com.br\/novo\/index.php?rest_route=\/wp\/v2\/media\/7339"}],"wp:attachment":[{"href":"http:\/\/www.muricionline.com.br\/novo\/index.php?rest_route=%2Fwp%2Fv2%2Fmedia&parent=7337"}],"wp:term":[{"taxonomy":"category","embeddable":true,"href":"http:\/\/www.muricionline.com.br\/novo\/index.php?rest_route=%2Fwp%2Fv2%2Fcategories&post=7337"},{"taxonomy":"post_tag","embeddable":true,"href":"http:\/\/www.muricionline.com.br\/novo\/index.php?rest_route=%2Fwp%2Fv2%2Ftags&post=7337"}],"curies":[{"name":"wp","href":"https:\/\/api.w.org\/{rel}","templated":true}]}}