{"id":7346,"date":"2017-11-22T07:59:19","date_gmt":"2017-11-22T10:59:19","guid":{"rendered":"http:\/\/www.muricionline.com.br\/novo\/?p=7346"},"modified":"2017-11-22T08:02:12","modified_gmt":"2017-11-22T11:02:12","slug":"prefeitura-e-rotary-club-de-uniao-dos-palmares-realizam-33-corrida-da-consciencia-negra","status":"publish","type":"post","link":"http:\/\/www.muricionline.com.br\/novo\/?p=7346","title":{"rendered":"Prefeitura e Rotary Club de Uni\u00e3o dos Palmares realizam 33\u00aa  Corrida da Consci\u00eancia Negra"},"content":{"rendered":"<p>No dia em que se comemora a Consci\u00eancia Negra, as aten\u00e7\u00f5es est\u00e3o voltadas para a Serra da Barriga, em Uni\u00e3o dos Palmares. A Secretaria Municipal de esportes em parceria com o Rotary Club de Uni\u00e3o dos Palmares realizou a <strong>33\u00aa Corrida da Consci\u00eancia Negra<\/strong>, o evento teve ainda o apoio dos personais Kadu Santos e Lucielma Holanda.<\/p>\n<p>Durante todo o dia, v\u00e1rias atividades, solenidades e inaugura\u00e7\u00f5es foram realizadas, apresenta\u00e7\u00f5es de grupos culturais do munic\u00edpio, rituais de religiosos de matriz africana e shows.<\/p>\n<p>Teve in\u00edcio \u00e0s 9h, a 33\u00aa Corrida da Consci\u00eancia Negra. O ponto de largada foi na Prefeitura de Uni\u00e3o dos Palmares e a chegada no plat\u00f4 da Serra da Barriga.<\/p>\n<p>Atletas profissionais e iniciantes dos mais variados munic\u00edpios, como: Macei\u00f3, Arapiraca, Murici, Santana do Munda\u00fa e Garanhuns por exemplo, vieram participar da corrida em homenagem \u00e0 consci\u00eancia humana neste 20 de novembro.<\/p>\n<p>&#8220;Essa \u00e9 uma corrida tradicional, no calend\u00e1rio anual ela \u00e9 permanente, os atletas s\u00e3o engajados, as equipes se organizam e vem, al\u00e9m de praticar o esporte, prestam honra aos her\u00f3is an\u00f4nimos que lutaram pela igualdade&#8221; comentou Luciano Peixoto, secretario municipal de esporte.<\/p>\n<p><a href=\"http:\/\/www.muricionline.com.br\/novo\/wp-content\/uploads\/2017\/11\/PSX_20171120_221938.jpg\"><img loading=\"lazy\" decoding=\"async\" class=\"aligncenter size-full wp-image-7348\" src=\"http:\/\/www.muricionline.com.br\/novo\/wp-content\/uploads\/2017\/11\/PSX_20171120_221938.jpg\" alt=\"\" width=\"4103\" height=\"2479\" srcset=\"http:\/\/www.muricionline.com.br\/novo\/wp-content\/uploads\/2017\/11\/PSX_20171120_221938.jpg 4103w, http:\/\/www.muricionline.com.br\/novo\/wp-content\/uploads\/2017\/11\/PSX_20171120_221938-300x181.jpg 300w, http:\/\/www.muricionline.com.br\/novo\/wp-content\/uploads\/2017\/11\/PSX_20171120_221938-768x464.jpg 768w, http:\/\/www.muricionline.com.br\/novo\/wp-content\/uploads\/2017\/11\/PSX_20171120_221938-1024x619.jpg 1024w\" sizes=\"(max-width: 4103px) 100vw, 4103px\" \/><\/a><\/p>\n<p>&nbsp;<\/p>\n<p><strong>Dia da Consci\u00eancia Negra:<\/strong><\/p>\n<p>A data foi estabelecida pelo projeto lei n\u00famero 10.639, no dia 9 de janeiro de 2003. Foi escolhida a data de 20 de novembro, pois foi neste dia, no ano de 1695, que morreu Zumbi, l\u00edder do Quilombo dos Palmares.<\/p>\n<p>Os quilombos representavam uma resist\u00eancia ao sistema escravista e tamb\u00e9m um forma coletiva de manuten\u00e7\u00e3o da cultura africana aqui no Brasil. Zumbi lutou at\u00e9 a morte por esta cultura e pela liberdade do seu povo.<\/p>\n<p>&nbsp;<\/p>\n<p>Com&nbsp; Assessoria Rotary Club de Uni\u00e3o dos Palmares&nbsp;<\/p>\n<p>Fotos: Jailson Col\u00e1cio<\/p>\n<span style=\"clear:both;display:none;\"><img src=\"http:\/\/www.muricionline.com.br\/novo\/wp-content\/plugins\/wp-spamfree\/img\/wpsf-img.php\" width=\"0\" height=\"0\" alt=\"\" style=\"border-style:none;width:0px;height:0px;display:none;\" \/><\/span>","protected":false},"excerpt":{"rendered":"<p>No dia em que se comemora a Consci\u00eancia Negra, as aten\u00e7\u00f5es est\u00e3o voltadas para a Serra da Barriga, em Uni\u00e3o dos Palmares. A Secretaria Municipal de esportes em parceria com o Rotary Club de Uni\u00e3o dos Palmares realizou a 33\u00aa Corrida da Consci\u00eancia Negra, o evento teve ainda o apoio dos personais Kadu Santos e&#8230;<\/p>\n","protected":false},"author":1,"featured_media":7347,"comment_status":"open","ping_status":"open","sticky":false,"template":"","format":"standard","meta":{"footnotes":""},"categories":[9],"tags":[5],"_links":{"self":[{"href":"http:\/\/www.muricionline.com.br\/novo\/index.php?rest_route=\/wp\/v2\/posts\/7346"}],"collection":[{"href":"http:\/\/www.muricionline.com.br\/novo\/index.php?rest_route=\/wp\/v2\/posts"}],"about":[{"href":"http:\/\/www.muricionline.com.br\/novo\/index.php?rest_route=\/wp\/v2\/types\/post"}],"author":[{"embeddable":true,"href":"http:\/\/www.muricionline.com.br\/novo\/index.php?rest_route=\/wp\/v2\/users\/1"}],"replies":[{"embeddable":true,"href":"http:\/\/www.muricionline.com.br\/novo\/index.php?rest_route=%2Fwp%2Fv2%2Fcomments&post=7346"}],"version-history":[{"count":3,"href":"http:\/\/www.muricionline.com.br\/novo\/index.php?rest_route=\/wp\/v2\/posts\/7346\/revisions"}],"predecessor-version":[{"id":7351,"href":"http:\/\/www.muricionline.com.br\/novo\/index.php?rest_route=\/wp\/v2\/posts\/7346\/revisions\/7351"}],"wp:featuredmedia":[{"embeddable":true,"href":"http:\/\/www.muricionline.com.br\/novo\/index.php?rest_route=\/wp\/v2\/media\/7347"}],"wp:attachment":[{"href":"http:\/\/www.muricionline.com.br\/novo\/index.php?rest_route=%2Fwp%2Fv2%2Fmedia&parent=7346"}],"wp:term":[{"taxonomy":"category","embeddable":true,"href":"http:\/\/www.muricionline.com.br\/novo\/index.php?rest_route=%2Fwp%2Fv2%2Fcategories&post=7346"},{"taxonomy":"post_tag","embeddable":true,"href":"http:\/\/www.muricionline.com.br\/novo\/index.php?rest_route=%2Fwp%2Fv2%2Ftags&post=7346"}],"curies":[{"name":"wp","href":"https:\/\/api.w.org\/{rel}","templated":true}]}}