{"id":7361,"date":"2017-11-24T10:42:27","date_gmt":"2017-11-24T13:42:27","guid":{"rendered":"http:\/\/www.muricionline.com.br\/novo\/?p=7361"},"modified":"2017-11-24T10:45:14","modified_gmt":"2017-11-24T13:45:14","slug":"13a-edicao-da-festa-da-natureza-de-murici-traz-de-volta-o-agito-da-programacao-diversificada","status":"publish","type":"post","link":"http:\/\/www.muricionline.com.br\/novo\/?p=7361","title":{"rendered":"13\u00aa edi\u00e7\u00e3o da Festa da Natureza de Murici traz de volta o agito da programa\u00e7\u00e3o diversificada"},"content":{"rendered":"<p>A edi\u00e7\u00e3o 2017 de um dos maiores festivais de Alagoas vai unir natureza, gastronomia, esporte, cultura e sustentabilidade em um s\u00f3 lugar!<\/p>\n<p>H\u00e1 12 anos estabelecida no calend\u00e1rio cultural de Alagoas, a Festa da Natureza de Murici vai trazer de volta todo o vigor da parte sustent\u00e1vel, cultura, turismo e esportes numa programa\u00e7\u00e3o rica e diversificada, al\u00e9m, \u00e9 claro, dos grandes shows que abrilhantam ainda mais a festa.<\/p>\n<p>Durante os dias 1, 2 e 3 de dezembro, o p\u00fablico vai poder contar com shows musicais no palco principal e tamb\u00e9m no palco alternativo, novidade que vai trazer uma programa\u00e7\u00e3o cultural que agrada a todos os estilos. No esporte e turismo de aventura, as op\u00e7\u00f5es que prometem agitar o p\u00fablico v\u00e3o de etapas e premia\u00e7\u00f5es de trekking em uma parte de reserva da Mata Atl\u00e2ntica a competi\u00e7\u00f5es intermunicipais de futev\u00f4lei e voleibol.<\/p>\n<p>No artesanato, um espa\u00e7o reservado com mostras de produ\u00e7\u00e3o local em arte gr\u00e1fica, bordado, croch\u00ea e tran\u00e7ados promete ser destaque na \u00e1rea cultural.<br \/>\nO grande diferencial da edi\u00e7\u00e3o deste ano \u00e9 a Feira Gastron\u00f4mica, um espa\u00e7o com mais de 400m\u00b2 que vai reunir num s\u00f3 lugar in\u00fameras op\u00e7\u00f5es para quem quiser desfrutar de uma alimenta\u00e7\u00e3o vari\u00e1vel. Durante os tr\u00eas dias de evento, a Feira Gastron\u00f4mica funcionar\u00e1 das 12h \u00e0 0h com 15 barracas, 50 mesas e um tablado central para apresenta\u00e7\u00f5es culturais e musicais.<\/p>\n<p>O p\u00fablico vai poder conferir tudo isso e muito mais nos dias 1, 2 e 3 de dezembro, em Murici. Ser\u00e1 imperd\u00edvel!<\/p>\n<p>&nbsp;<\/p>\n<p>&nbsp;<\/p>\n<p>Programa\u00e7\u00e3o 13\u00aa Festa da Natureza de Murici:<\/p>\n<p>&nbsp;<\/p>\n<p>Sexta, 1 de Dezembro, na Pra\u00e7a Padre C\u00edcero<br \/>\n\u2022 Saia Rodada<br \/>\n\u2022 Wallas Arrais<br \/>\n\u2022 NJeitos<\/p>\n<p>S\u00e1bado, 2 de Dezembro, na Pra\u00e7a Padre C\u00edcero<\/p>\n<p>\u2022 Daniel Fernandes<br \/>\n\u2022 Araketu<br \/>\n\u2022 Nathan Loketa<br \/>\n\u2022 Samyra Show<\/p>\n<p>Domingo, 3 de Dezembro<\/p>\n<p>\u2022 Avine Vinny<br \/>\n\u2022 Caninana<br \/>\n\u2022 Conde do Forr\u00f3<br \/>\n\u2022 Matheus Moraes<\/p>\n<p>&nbsp;<\/p>\n<p>Por Assessoria de Comunica\u00e7\u00e3o<\/p>\n<span style=\"clear:both;display:none;\"><img src=\"http:\/\/www.muricionline.com.br\/novo\/wp-content\/plugins\/wp-spamfree\/img\/wpsf-img.php\" width=\"0\" height=\"0\" alt=\"\" style=\"border-style:none;width:0px;height:0px;display:none;\" \/><\/span>","protected":false},"excerpt":{"rendered":"<p>A edi\u00e7\u00e3o 2017 de um dos maiores festivais de Alagoas vai unir natureza, gastronomia, esporte, cultura e sustentabilidade em um s\u00f3 lugar! H\u00e1 12 anos estabelecida no calend\u00e1rio cultural de Alagoas, a Festa da Natureza de Murici vai trazer de volta todo o vigor da parte sustent\u00e1vel, cultura, turismo e esportes numa programa\u00e7\u00e3o rica e&#8230;<\/p>\n","protected":false},"author":1,"featured_media":7364,"comment_status":"open","ping_status":"open","sticky":false,"template":"","format":"standard","meta":{"footnotes":""},"categories":[1],"tags":[5],"_links":{"self":[{"href":"http:\/\/www.muricionline.com.br\/novo\/index.php?rest_route=\/wp\/v2\/posts\/7361"}],"collection":[{"href":"http:\/\/www.muricionline.com.br\/novo\/index.php?rest_route=\/wp\/v2\/posts"}],"about":[{"href":"http:\/\/www.muricionline.com.br\/novo\/index.php?rest_route=\/wp\/v2\/types\/post"}],"author":[{"embeddable":true,"href":"http:\/\/www.muricionline.com.br\/novo\/index.php?rest_route=\/wp\/v2\/users\/1"}],"replies":[{"embeddable":true,"href":"http:\/\/www.muricionline.com.br\/novo\/index.php?rest_route=%2Fwp%2Fv2%2Fcomments&post=7361"}],"version-history":[{"count":3,"href":"http:\/\/www.muricionline.com.br\/novo\/index.php?rest_route=\/wp\/v2\/posts\/7361\/revisions"}],"predecessor-version":[{"id":7365,"href":"http:\/\/www.muricionline.com.br\/novo\/index.php?rest_route=\/wp\/v2\/posts\/7361\/revisions\/7365"}],"wp:featuredmedia":[{"embeddable":true,"href":"http:\/\/www.muricionline.com.br\/novo\/index.php?rest_route=\/wp\/v2\/media\/7364"}],"wp:attachment":[{"href":"http:\/\/www.muricionline.com.br\/novo\/index.php?rest_route=%2Fwp%2Fv2%2Fmedia&parent=7361"}],"wp:term":[{"taxonomy":"category","embeddable":true,"href":"http:\/\/www.muricionline.com.br\/novo\/index.php?rest_route=%2Fwp%2Fv2%2Fcategories&post=7361"},{"taxonomy":"post_tag","embeddable":true,"href":"http:\/\/www.muricionline.com.br\/novo\/index.php?rest_route=%2Fwp%2Fv2%2Ftags&post=7361"}],"curies":[{"name":"wp","href":"https:\/\/api.w.org\/{rel}","templated":true}]}}