{"id":7366,"date":"2017-11-24T10:54:56","date_gmt":"2017-11-24T13:54:56","guid":{"rendered":"http:\/\/www.muricionline.com.br\/novo\/?p=7366"},"modified":"2017-11-24T10:59:45","modified_gmt":"2017-11-24T13:59:45","slug":"prefeitura-de-murici-divulga-programacao-oficial-do-13a-festa-da-natureza","status":"publish","type":"post","link":"http:\/\/www.muricionline.com.br\/novo\/?p=7366","title":{"rendered":"Prefeitura de Murici divulga programa\u00e7\u00e3o oficial da 13\u00aa Festa da Natureza"},"content":{"rendered":"<p>A prefeitura de Municipal de Murici anunciou oficialmente a programa\u00e7\u00e3o da Festa da Natureza 2017, que acontecer\u00e1 entre os dias 01 e 03 de dezembro. Em sua d\u00e9cima terceira edicao a festa movimenta a regi\u00e3o da Zona da Mata alagoana, gerando emprego e renda para centenas de pessoas, aquecendo e movimentando o com\u00e9rcio.<\/p>\n<p>&nbsp;<\/p>\n<p>A programa\u00e7\u00e3o oficial foi anunciada nesta sexta-feira, 24, pelo prefeito Olavo Neto (PMDB) e envolve al\u00e9m dos shows art\u00edsticos uma s\u00e9rie de atividades, como exposi\u00e7\u00f5es, mostras folcl\u00f3ricas, concertos de m\u00fasicas cl\u00e1ssicas, aula de dan\u00e7a, enduro de motos, copa de futvolei, trekking entre outros eventos que formam a parte cultural e esportiva da festa.<\/p>\n<p>&nbsp;<\/p>\n<p>A abertura ser\u00e1 na sexta-feira, dia 01\/12, com show de SAIA RODADA , NJEITO e WALAS ARRAIS. No s\u00e1bado, dia 02\/12, a festa ter\u00e1 sequ\u00eancia com a apresenta\u00e7\u00e3o da banda ARAKETU, SAMYRA, al\u00e9m dos cantores NATHAN LOKETA e DANIEL FERNANDES .Encerrando a festa no domingo,<br \/>\n03\/12, as atra\u00e7\u00f5es na Pra\u00e7a Padre C\u00edcero s\u00e3o os cantores CANINANA, AVINI VINNY, MATHEUS MORAES e a banda CONDE DO FORR\u00d3.<\/p>\n<p>&nbsp;<\/p>\n<p>A Festa da Natureza ou Festival da Natureza como foi denominado inicialmente, foi criada em 2005 no primeiro ano da gest\u00e3o do prefeito Renan Filho, atualmente Governador de Alagoas. Murici fica distante 54 km de Macei\u00f3 (capital alagoana), com acesso atrav\u00e9s da BR-104.<\/p>\n<p>&nbsp;<\/p>\n<p><strong>Programa\u00e7\u00e3o geral:<\/strong><\/p>\n<p>&nbsp;<\/p>\n<p><strong>Sexta-feira 01\/12<\/strong><\/p>\n<p>Saia Rodada, Wallas Arrais e NJeitos<\/p>\n<p><strong>S\u00e1bado 02\/12<\/strong><\/p>\n<p>Daniel Fernandes, Araketu, Nathan Loketa e Samyra<\/p>\n<p><strong>Domingo 03\/12<\/strong><\/p>\n<p>Caninana, Avini Vinny, Matheus Moraes e Conde do Forr\u00f3<\/p>\n<span style=\"clear:both;display:none;\"><img src=\"http:\/\/www.muricionline.com.br\/novo\/wp-content\/plugins\/wp-spamfree\/img\/wpsf-img.php\" width=\"0\" height=\"0\" alt=\"\" style=\"border-style:none;width:0px;height:0px;display:none;\" \/><\/span>","protected":false},"excerpt":{"rendered":"<p>A prefeitura de Municipal de Murici anunciou oficialmente a programa\u00e7\u00e3o da Festa da Natureza 2017, que acontecer\u00e1 entre os dias 01 e 03 de dezembro. Em sua d\u00e9cima terceira edicao a festa movimenta a regi\u00e3o da Zona da Mata alagoana, gerando emprego e renda para centenas de pessoas, aquecendo e movimentando o com\u00e9rcio. &nbsp; A&#8230;<\/p>\n","protected":false},"author":1,"featured_media":7367,"comment_status":"open","ping_status":"open","sticky":false,"template":"","format":"standard","meta":{"footnotes":""},"categories":[1],"tags":[5],"_links":{"self":[{"href":"http:\/\/www.muricionline.com.br\/novo\/index.php?rest_route=\/wp\/v2\/posts\/7366"}],"collection":[{"href":"http:\/\/www.muricionline.com.br\/novo\/index.php?rest_route=\/wp\/v2\/posts"}],"about":[{"href":"http:\/\/www.muricionline.com.br\/novo\/index.php?rest_route=\/wp\/v2\/types\/post"}],"author":[{"embeddable":true,"href":"http:\/\/www.muricionline.com.br\/novo\/index.php?rest_route=\/wp\/v2\/users\/1"}],"replies":[{"embeddable":true,"href":"http:\/\/www.muricionline.com.br\/novo\/index.php?rest_route=%2Fwp%2Fv2%2Fcomments&post=7366"}],"version-history":[{"count":2,"href":"http:\/\/www.muricionline.com.br\/novo\/index.php?rest_route=\/wp\/v2\/posts\/7366\/revisions"}],"predecessor-version":[{"id":7369,"href":"http:\/\/www.muricionline.com.br\/novo\/index.php?rest_route=\/wp\/v2\/posts\/7366\/revisions\/7369"}],"wp:featuredmedia":[{"embeddable":true,"href":"http:\/\/www.muricionline.com.br\/novo\/index.php?rest_route=\/wp\/v2\/media\/7367"}],"wp:attachment":[{"href":"http:\/\/www.muricionline.com.br\/novo\/index.php?rest_route=%2Fwp%2Fv2%2Fmedia&parent=7366"}],"wp:term":[{"taxonomy":"category","embeddable":true,"href":"http:\/\/www.muricionline.com.br\/novo\/index.php?rest_route=%2Fwp%2Fv2%2Fcategories&post=7366"},{"taxonomy":"post_tag","embeddable":true,"href":"http:\/\/www.muricionline.com.br\/novo\/index.php?rest_route=%2Fwp%2Fv2%2Ftags&post=7366"}],"curies":[{"name":"wp","href":"https:\/\/api.w.org\/{rel}","templated":true}]}}