{"id":7391,"date":"2017-11-26T10:45:22","date_gmt":"2017-11-26T13:45:22","guid":{"rendered":"http:\/\/www.muricionline.com.br\/novo\/?p=7391"},"modified":"2017-11-26T10:45:22","modified_gmt":"2017-11-26T13:45:22","slug":"5a-corrida-mae-da-graca-reune-mais-de-30-atletas-e-arrecada-alimentos","status":"publish","type":"post","link":"http:\/\/www.muricionline.com.br\/novo\/?p=7391","title":{"rendered":"5\u00aa Corrida M\u00e3e da Gra\u00e7a re\u00fane mais de 30 atletas e arrecada alimentos"},"content":{"rendered":"<p>Pelo quinto ano consecutivo o <strong>Abrigo M\u00e3e da Gra\u00e7a<\/strong> promoveu na manh\u00e3 deste domingo (26), em Murici, a <strong>Corrida M\u00e3e da Gra\u00e7a<\/strong>.<\/p>\n<p>A corrida que contou com mais de <strong>30<\/strong> <strong>participantes<\/strong> movimentou o domingo na cidade, iniciando-se em frente ao pr\u00e9dio da Prefeitura Municipal, na Pra\u00e7a Padre C\u00edcero e encerrando-se na sede da institui\u00e7\u00e3o, no loteamento Tabocal.<\/p>\n<p>Com percurso de cerca de <strong>04 Km<\/strong>, os 10 primeiros colocados no <strong>&#8220;Masculino e Feminino&#8221;<\/strong> foram agraciados com medalhas. O evento contou com a presen\u00e7a do vereador Eduardo Oliveira.<\/p>\n<p>O evento, que teve o objetivo de divulgar as a\u00e7\u00f5es e servi\u00e7os do abrigo, arrecadou alimentos que ser\u00e3o utilizados na alimenta\u00e7\u00e3o dos abrigados.<\/p>\n<p><a href=\"http:\/\/www.muricionline.com.br\/novo\/wp-content\/uploads\/2017\/11\/PSX_20171126_095218.jpg\"><img loading=\"lazy\" decoding=\"async\" class=\"aligncenter size-full wp-image-7393\" src=\"http:\/\/www.muricionline.com.br\/novo\/wp-content\/uploads\/2017\/11\/PSX_20171126_095218.jpg\" alt=\"\" width=\"2137\" height=\"1421\" srcset=\"http:\/\/www.muricionline.com.br\/novo\/wp-content\/uploads\/2017\/11\/PSX_20171126_095218.jpg 2137w, http:\/\/www.muricionline.com.br\/novo\/wp-content\/uploads\/2017\/11\/PSX_20171126_095218-300x199.jpg 300w, http:\/\/www.muricionline.com.br\/novo\/wp-content\/uploads\/2017\/11\/PSX_20171126_095218-768x511.jpg 768w, http:\/\/www.muricionline.com.br\/novo\/wp-content\/uploads\/2017\/11\/PSX_20171126_095218-1024x681.jpg 1024w\" sizes=\"(max-width: 2137px) 100vw, 2137px\" \/><\/a><\/p>\n<p>&nbsp;<\/p>\n<p><strong>Sobre o Abrigo M\u00e3e da Gra\u00e7a:<\/strong><\/p>\n<p>Localizada a 54 quil\u00f4metros de Macei\u00f3, logo na entrada do munic\u00edpio de Murici, a comunidade acolhedora M\u00e3e da Gra\u00e7a auxilia no tratamento de dependentes qu\u00edmicos.<\/p>\n<span style=\"clear:both;display:none;\"><img src=\"http:\/\/www.muricionline.com.br\/novo\/wp-content\/plugins\/wp-spamfree\/img\/wpsf-img.php\" width=\"0\" height=\"0\" alt=\"\" style=\"border-style:none;width:0px;height:0px;display:none;\" \/><\/span>","protected":false},"excerpt":{"rendered":"<p>Pelo quinto ano consecutivo o Abrigo M\u00e3e da Gra\u00e7a promoveu na manh\u00e3 deste domingo (26), em Murici, a Corrida M\u00e3e da Gra\u00e7a. A corrida que contou com mais de 30 participantes movimentou o domingo na cidade, iniciando-se em frente ao pr\u00e9dio da Prefeitura Municipal, na Pra\u00e7a Padre C\u00edcero e encerrando-se na sede da institui\u00e7\u00e3o, no&#8230;<\/p>\n","protected":false},"author":1,"featured_media":7392,"comment_status":"open","ping_status":"open","sticky":false,"template":"","format":"standard","meta":{"footnotes":""},"categories":[9],"tags":[5],"_links":{"self":[{"href":"http:\/\/www.muricionline.com.br\/novo\/index.php?rest_route=\/wp\/v2\/posts\/7391"}],"collection":[{"href":"http:\/\/www.muricionline.com.br\/novo\/index.php?rest_route=\/wp\/v2\/posts"}],"about":[{"href":"http:\/\/www.muricionline.com.br\/novo\/index.php?rest_route=\/wp\/v2\/types\/post"}],"author":[{"embeddable":true,"href":"http:\/\/www.muricionline.com.br\/novo\/index.php?rest_route=\/wp\/v2\/users\/1"}],"replies":[{"embeddable":true,"href":"http:\/\/www.muricionline.com.br\/novo\/index.php?rest_route=%2Fwp%2Fv2%2Fcomments&post=7391"}],"version-history":[{"count":1,"href":"http:\/\/www.muricionline.com.br\/novo\/index.php?rest_route=\/wp\/v2\/posts\/7391\/revisions"}],"predecessor-version":[{"id":7394,"href":"http:\/\/www.muricionline.com.br\/novo\/index.php?rest_route=\/wp\/v2\/posts\/7391\/revisions\/7394"}],"wp:featuredmedia":[{"embeddable":true,"href":"http:\/\/www.muricionline.com.br\/novo\/index.php?rest_route=\/wp\/v2\/media\/7392"}],"wp:attachment":[{"href":"http:\/\/www.muricionline.com.br\/novo\/index.php?rest_route=%2Fwp%2Fv2%2Fmedia&parent=7391"}],"wp:term":[{"taxonomy":"category","embeddable":true,"href":"http:\/\/www.muricionline.com.br\/novo\/index.php?rest_route=%2Fwp%2Fv2%2Fcategories&post=7391"},{"taxonomy":"post_tag","embeddable":true,"href":"http:\/\/www.muricionline.com.br\/novo\/index.php?rest_route=%2Fwp%2Fv2%2Ftags&post=7391"}],"curies":[{"name":"wp","href":"https:\/\/api.w.org\/{rel}","templated":true}]}}