{"id":7396,"date":"2017-11-28T13:18:03","date_gmt":"2017-11-28T16:18:03","guid":{"rendered":"http:\/\/www.muricionline.com.br\/novo\/?p=7396"},"modified":"2017-11-28T13:18:03","modified_gmt":"2017-11-28T16:18:03","slug":"festa-da-natureza-de-murici-comeca-nesta-sexta-feira-1","status":"publish","type":"post","link":"http:\/\/www.muricionline.com.br\/novo\/?p=7396","title":{"rendered":"Festa da Natureza de Murici come\u00e7a nesta sexta-feira (1)"},"content":{"rendered":"<p>Evento estabelecido no Murici sedia h\u00e1 12 anos a Festa da Natureza, que une gastronomia, esporte, natureza, cultura e sustentabilidade durante dias no munic\u00edpio. J\u00e1 estabelecido no calend\u00e1rio cultural de Alagoas, o festival recebe o apoio do Governo de Alagoas, atrav\u00e9s da Secretaria de Estado da Cultura (Secult), e traz uma programa\u00e7\u00e3o diversificada ao p\u00fablico.<\/p>\n<div class=\"itemBody\">\n<div class=\"itemFullText\">\n<p>&nbsp;<\/p>\n<p>A partir desta sexta-feira (1), o p\u00fablico vai poder contar com shows musicais que ser\u00e3o realizados na Pra\u00e7a Padre C\u00edcero, localizada no Centro da cidade. Ser\u00e3o dois palcos, um principal e um alternativo, que \u00e9 uma novidade neste ano. Uma programa\u00e7\u00e3o cultural foi preparada com o objetivo de abranger todos os p\u00fablicos. O festival continua no s\u00e1bado (2) e segue at\u00e9 este domingo (3).<\/p>\n<p>&nbsp;<\/p>\n<p>No esporte e turismo de aventura, as op\u00e7\u00f5es que prometem agitar o p\u00fablico v\u00e3o de etapas e premia\u00e7\u00f5es de trekking em uma parte de reserva da Mata Atl\u00e2ntica a competi\u00e7\u00f5es intermunicipais de futev\u00f4lei e voleibol. A cultura volta com o artesanato. Um espa\u00e7o reservado com mostras de produ\u00e7\u00e3o local em arte gr\u00e1fica, bordado, croch\u00ea e tran\u00e7ados promete ser destaque durante a Festa da Natureza.<\/p>\n<p>&nbsp;<\/p>\n<p>A grande novidade desta edi\u00e7\u00e3o \u00e9 a Feira Gastron\u00f4mica. Um espa\u00e7o ir\u00e1 reunir in\u00fameras op\u00e7\u00f5es para quem quiser desfrutar de uma alimenta\u00e7\u00e3o vari\u00e1vel. Durante os tr\u00eas dias de evento, a Feira Gastron\u00f4mica funcionar\u00e1 das 12h \u00e0 00h.<\/p>\n<p>&nbsp;<\/p>\n<p>Confira programa\u00e7\u00e3o completa:<\/p>\n<p>Sexta, 1 de dezembro<\/p>\n<p>&nbsp;<\/p>\n<ul>\n<li>Saia Rodada<\/li>\n<li>Wallas Arrais<\/li>\n<li>NJeitos<\/li>\n<\/ul>\n<p>&nbsp;<\/p>\n<p>S\u00e1bado, 2 de dezembro<\/p>\n<p>&nbsp;<\/p>\n<ul>\n<li>Daniel Fernandes<\/li>\n<li>Araketu<\/li>\n<li>Nathan Loketa<\/li>\n<li>Samyra Show<\/li>\n<\/ul>\n<p>&nbsp;<\/p>\n<p>Domingo, 3 de Dezembro<\/p>\n<p>&nbsp;<\/p>\n<ul>\n<li>Avine Vinny<\/li>\n<li>Caninana<\/li>\n<li>Conde do Forr\u00f3<\/li>\n<li>Matheus Moraes<\/li>\n<\/ul>\n<\/div>\n<p><a href=\"http:\/\/www.muricionline.com.br\/novo\/wp-content\/uploads\/2017\/11\/IMG-20171127-WA0125.jpg\"><img loading=\"lazy\" decoding=\"async\" class=\"aligncenter size-full wp-image-7398\" src=\"http:\/\/www.muricionline.com.br\/novo\/wp-content\/uploads\/2017\/11\/IMG-20171127-WA0125.jpg\" alt=\"\" width=\"566\" height=\"735\" srcset=\"http:\/\/www.muricionline.com.br\/novo\/wp-content\/uploads\/2017\/11\/IMG-20171127-WA0125.jpg 566w, http:\/\/www.muricionline.com.br\/novo\/wp-content\/uploads\/2017\/11\/IMG-20171127-WA0125-231x300.jpg 231w\" sizes=\"(max-width: 566px) 100vw, 566px\" \/><\/a><\/p>\n<\/div>\n<span style=\"clear:both;display:none;\"><img src=\"http:\/\/www.muricionline.com.br\/novo\/wp-content\/plugins\/wp-spamfree\/img\/wpsf-img.php\" width=\"0\" height=\"0\" alt=\"\" style=\"border-style:none;width:0px;height:0px;display:none;\" \/><\/span>","protected":false},"excerpt":{"rendered":"<p>Evento estabelecido no Murici sedia h\u00e1 12 anos a Festa da Natureza, que une gastronomia, esporte, natureza, cultura e sustentabilidade durante dias no munic\u00edpio. J\u00e1 estabelecido no calend\u00e1rio cultural de Alagoas, o festival recebe o apoio do Governo de Alagoas, atrav\u00e9s da Secretaria de Estado da Cultura (Secult), e traz uma programa\u00e7\u00e3o diversificada ao p\u00fablico&#8230;.<\/p>\n","protected":false},"author":1,"featured_media":7397,"comment_status":"open","ping_status":"open","sticky":false,"template":"","format":"standard","meta":{"footnotes":""},"categories":[7],"tags":[5],"_links":{"self":[{"href":"http:\/\/www.muricionline.com.br\/novo\/index.php?rest_route=\/wp\/v2\/posts\/7396"}],"collection":[{"href":"http:\/\/www.muricionline.com.br\/novo\/index.php?rest_route=\/wp\/v2\/posts"}],"about":[{"href":"http:\/\/www.muricionline.com.br\/novo\/index.php?rest_route=\/wp\/v2\/types\/post"}],"author":[{"embeddable":true,"href":"http:\/\/www.muricionline.com.br\/novo\/index.php?rest_route=\/wp\/v2\/users\/1"}],"replies":[{"embeddable":true,"href":"http:\/\/www.muricionline.com.br\/novo\/index.php?rest_route=%2Fwp%2Fv2%2Fcomments&post=7396"}],"version-history":[{"count":1,"href":"http:\/\/www.muricionline.com.br\/novo\/index.php?rest_route=\/wp\/v2\/posts\/7396\/revisions"}],"predecessor-version":[{"id":7399,"href":"http:\/\/www.muricionline.com.br\/novo\/index.php?rest_route=\/wp\/v2\/posts\/7396\/revisions\/7399"}],"wp:featuredmedia":[{"embeddable":true,"href":"http:\/\/www.muricionline.com.br\/novo\/index.php?rest_route=\/wp\/v2\/media\/7397"}],"wp:attachment":[{"href":"http:\/\/www.muricionline.com.br\/novo\/index.php?rest_route=%2Fwp%2Fv2%2Fmedia&parent=7396"}],"wp:term":[{"taxonomy":"category","embeddable":true,"href":"http:\/\/www.muricionline.com.br\/novo\/index.php?rest_route=%2Fwp%2Fv2%2Fcategories&post=7396"},{"taxonomy":"post_tag","embeddable":true,"href":"http:\/\/www.muricionline.com.br\/novo\/index.php?rest_route=%2Fwp%2Fv2%2Ftags&post=7396"}],"curies":[{"name":"wp","href":"https:\/\/api.w.org\/{rel}","templated":true}]}}