{"id":7400,"date":"2017-11-28T17:27:38","date_gmt":"2017-11-28T20:27:38","guid":{"rendered":"http:\/\/www.muricionline.com.br\/novo\/?p=7400"},"modified":"2017-11-28T17:27:38","modified_gmt":"2017-11-28T20:27:38","slug":"fortalecer-os-mandatos-e-valorizar-o-poder-lagislativo","status":"publish","type":"post","link":"http:\/\/www.muricionline.com.br\/novo\/?p=7400","title":{"rendered":"FORTALECER OS MANDATOS E VALORIZAR O PODER LAGISLATIVO\u00a0"},"content":{"rendered":"<p>Ningu\u00e9m de bom senso pode ter d\u00favida que vivemos um momento de crise na pol\u00edtica brasileira. As cr\u00edticas e as cobran\u00e7as crescem e o \u201cpol\u00edtico\u201d \u00e9 visto pela maioria dos eleitores como algu\u00e9m, no m\u00ednimo, capaz de se envolver em corrup\u00e7\u00e3o.<\/p>\n<p>N\u00f3s, vereadores, por termos maior proximidade com a popula\u00e7\u00e3o, sentimos esse descontentamento todo santo dia.<br \/>\nSe por um lado somos os mais cobrados, acredito que tamb\u00e9m temos o poder de iniciarmos uma rea\u00e7\u00e3o para valorizarmos a nobre tarefa da representa\u00e7\u00e3o popular.<br \/>\nIndico como um dos caminhos a serem trilhados o de esclarecermos aos eleitores sobre o papel do Poder Executivo e o do Poder Legislativo.<\/p>\n<p>Proponho que devemos fazer isso praticando uma pol\u00edtica que nos coloque como, principalmente, elaboradores de leis e fiscalizadores dos prefeitos e de seus secret\u00e1rios.<\/p>\n<p>N\u00e3o cabe ao vereador oferecer os servi\u00e7os que s\u00e3o de responsabilidade da Prefeitura. Educa\u00e7\u00e3o, Sa\u00fade, Habita\u00e7\u00e3o e Infraestrutura, por exemplo, s\u00e3o servi\u00e7os p\u00fablicos definidos pela Constitui\u00e7\u00e3o como atribui\u00e7\u00f5es do Executivo, seja ele a Uni\u00e3o, o Estado ou o Munic\u00edpio.<\/p>\n<p>O vereador \u00e9 incumbido de cobrar, indicar, solicitar, propor que o munic\u00edpio e seus cidad\u00e3os recebam as a\u00e7\u00f5es destes poderes.<br \/>\nPor mais que o edil tenha aproxima\u00e7\u00e3o partid\u00e1ria com o prefeito, \u00e9 preciso que sua atua\u00e7\u00e3o seja pautada pelo interesse p\u00fablico, sempre preservando sua independ\u00eancia para assim cumprir o seu papel fiscalizador, que pode ser feito com equil\u00edbrio, sem prejudicar as boas rela\u00e7\u00f5es pol\u00edticas.<\/p>\n<p>Temos que dar exemplo de que a pol\u00edtica pode e deve ser coisa s\u00e9ria.<br \/>\n\u00c9 preciso investir no mandato, fazendo cursos de atualiza\u00e7\u00e3o legislativa, conhecendo as leis e sabendo utiliz\u00e1-las para que atendam os interesses da popula\u00e7\u00e3o, a exemplo da Lei Or\u00e7ament\u00e1ria Anual, que define onde ser\u00e3o aplicados os recursos provenientes dos impostos.<\/p>\n<p>Conclamo os colegas vereadores a participarem desta cruzada em prol do fortalecimento dos nossos mandatos e da valoriza\u00e7\u00e3o do poder legislativo. E a nossa cota de contribui\u00e7\u00e3o para recuperar a boa imagem da pol\u00edtica no Brasil.<br \/>\nAnizio Amorim, o Vereador Aniz\u00e3o de Murici, Alagoas.<\/p>\n<p>&nbsp;<\/p>\n<p>Por An\u00edzio Amorim&nbsp; (Vereador por Murici)<\/p>\n<span style=\"clear:both;display:none;\"><img src=\"http:\/\/www.muricionline.com.br\/novo\/wp-content\/plugins\/wp-spamfree\/img\/wpsf-img.php\" width=\"0\" height=\"0\" alt=\"\" style=\"border-style:none;width:0px;height:0px;display:none;\" \/><\/span>","protected":false},"excerpt":{"rendered":"<p>Ningu\u00e9m de bom senso pode ter d\u00favida que vivemos um momento de crise na pol\u00edtica brasileira. As cr\u00edticas e as cobran\u00e7as crescem e o \u201cpol\u00edtico\u201d \u00e9 visto pela maioria dos eleitores como algu\u00e9m, no m\u00ednimo, capaz de se envolver em corrup\u00e7\u00e3o. N\u00f3s, vereadores, por termos maior proximidade com a popula\u00e7\u00e3o, sentimos esse descontentamento todo santo&#8230;<\/p>\n","protected":false},"author":1,"featured_media":7401,"comment_status":"open","ping_status":"open","sticky":false,"template":"","format":"standard","meta":{"footnotes":""},"categories":[1],"tags":[5],"_links":{"self":[{"href":"http:\/\/www.muricionline.com.br\/novo\/index.php?rest_route=\/wp\/v2\/posts\/7400"}],"collection":[{"href":"http:\/\/www.muricionline.com.br\/novo\/index.php?rest_route=\/wp\/v2\/posts"}],"about":[{"href":"http:\/\/www.muricionline.com.br\/novo\/index.php?rest_route=\/wp\/v2\/types\/post"}],"author":[{"embeddable":true,"href":"http:\/\/www.muricionline.com.br\/novo\/index.php?rest_route=\/wp\/v2\/users\/1"}],"replies":[{"embeddable":true,"href":"http:\/\/www.muricionline.com.br\/novo\/index.php?rest_route=%2Fwp%2Fv2%2Fcomments&post=7400"}],"version-history":[{"count":1,"href":"http:\/\/www.muricionline.com.br\/novo\/index.php?rest_route=\/wp\/v2\/posts\/7400\/revisions"}],"predecessor-version":[{"id":7402,"href":"http:\/\/www.muricionline.com.br\/novo\/index.php?rest_route=\/wp\/v2\/posts\/7400\/revisions\/7402"}],"wp:featuredmedia":[{"embeddable":true,"href":"http:\/\/www.muricionline.com.br\/novo\/index.php?rest_route=\/wp\/v2\/media\/7401"}],"wp:attachment":[{"href":"http:\/\/www.muricionline.com.br\/novo\/index.php?rest_route=%2Fwp%2Fv2%2Fmedia&parent=7400"}],"wp:term":[{"taxonomy":"category","embeddable":true,"href":"http:\/\/www.muricionline.com.br\/novo\/index.php?rest_route=%2Fwp%2Fv2%2Fcategories&post=7400"},{"taxonomy":"post_tag","embeddable":true,"href":"http:\/\/www.muricionline.com.br\/novo\/index.php?rest_route=%2Fwp%2Fv2%2Ftags&post=7400"}],"curies":[{"name":"wp","href":"https:\/\/api.w.org\/{rel}","templated":true}]}}