{"id":7403,"date":"2017-11-28T17:47:47","date_gmt":"2017-11-28T20:47:47","guid":{"rendered":"http:\/\/www.muricionline.com.br\/novo\/?p=7403"},"modified":"2017-11-28T17:48:31","modified_gmt":"2017-11-28T20:48:31","slug":"13a-festa-da-natureza-tera-competicoes-de-futevolei-tredking-e-enduro-de-motos","status":"publish","type":"post","link":"http:\/\/www.muricionline.com.br\/novo\/?p=7403","title":{"rendered":"13\u00aa Festa da Natureza ter\u00e1 competi\u00e7\u00f5es de futevolei, trekking e enduro de motos"},"content":{"rendered":"<p>A 13\u00aa edi\u00e7\u00e3o da Festa Da Natureza, que ocorre entre os dias 01 e 03 deste m\u00eas, ter\u00e1, al\u00e9m de uma extensa programa\u00e7\u00e3o cultural, gastron\u00f4mica e shows musicais, a realiza\u00e7\u00e3o de 03 (tres) grandes eventos esportivos. Na sexta-feira, dia 01, a 5\u00aa Copa da Natureza de Futevolei de Murici, uma das maiores do estado, invade as areias do complexo para pr\u00e1tica de esportes na areia. O evento, reune v\u00e1rios atletas de destaque no cen\u00e1rio nacional.<\/p>\n<p>No s\u00e1bado, 02, a partir das 08hs, Murici receber\u00e1 a segunda edi\u00e7\u00e3o do Trekking da Primavera. O evento ter\u00e1 17 km de percurso tendo como cen\u00e1rio as belas paisagens da mata atl\u00e2ntica de Murici.<\/p>\n<p>No domingo, 03, ser\u00e1 a vez do 1\u00ba Enduro da Natureza, que ir\u00e1 receber v\u00e1rios pilotos de motos e quadriciclos. O enduro acontece a partir das 11hs, na pista Olavo Calheiros.<\/p>\n<span style=\"clear:both;display:none;\"><img src=\"http:\/\/www.muricionline.com.br\/novo\/wp-content\/plugins\/wp-spamfree\/img\/wpsf-img.php\" width=\"0\" height=\"0\" alt=\"\" style=\"border-style:none;width:0px;height:0px;display:none;\" \/><\/span>","protected":false},"excerpt":{"rendered":"<p>A 13\u00aa edi\u00e7\u00e3o da Festa Da Natureza, que ocorre entre os dias 01 e 03 deste m\u00eas, ter\u00e1, al\u00e9m de uma extensa programa\u00e7\u00e3o cultural, gastron\u00f4mica e shows musicais, a realiza\u00e7\u00e3o de 03 (tres) grandes eventos esportivos. Na sexta-feira, dia 01, a 5\u00aa Copa da Natureza de Futevolei de Murici, uma das maiores do estado, invade&#8230;<\/p>\n","protected":false},"author":1,"featured_media":7404,"comment_status":"open","ping_status":"open","sticky":false,"template":"","format":"standard","meta":{"footnotes":""},"categories":[9],"tags":[5],"_links":{"self":[{"href":"http:\/\/www.muricionline.com.br\/novo\/index.php?rest_route=\/wp\/v2\/posts\/7403"}],"collection":[{"href":"http:\/\/www.muricionline.com.br\/novo\/index.php?rest_route=\/wp\/v2\/posts"}],"about":[{"href":"http:\/\/www.muricionline.com.br\/novo\/index.php?rest_route=\/wp\/v2\/types\/post"}],"author":[{"embeddable":true,"href":"http:\/\/www.muricionline.com.br\/novo\/index.php?rest_route=\/wp\/v2\/users\/1"}],"replies":[{"embeddable":true,"href":"http:\/\/www.muricionline.com.br\/novo\/index.php?rest_route=%2Fwp%2Fv2%2Fcomments&post=7403"}],"version-history":[{"count":2,"href":"http:\/\/www.muricionline.com.br\/novo\/index.php?rest_route=\/wp\/v2\/posts\/7403\/revisions"}],"predecessor-version":[{"id":7406,"href":"http:\/\/www.muricionline.com.br\/novo\/index.php?rest_route=\/wp\/v2\/posts\/7403\/revisions\/7406"}],"wp:featuredmedia":[{"embeddable":true,"href":"http:\/\/www.muricionline.com.br\/novo\/index.php?rest_route=\/wp\/v2\/media\/7404"}],"wp:attachment":[{"href":"http:\/\/www.muricionline.com.br\/novo\/index.php?rest_route=%2Fwp%2Fv2%2Fmedia&parent=7403"}],"wp:term":[{"taxonomy":"category","embeddable":true,"href":"http:\/\/www.muricionline.com.br\/novo\/index.php?rest_route=%2Fwp%2Fv2%2Fcategories&post=7403"},{"taxonomy":"post_tag","embeddable":true,"href":"http:\/\/www.muricionline.com.br\/novo\/index.php?rest_route=%2Fwp%2Fv2%2Ftags&post=7403"}],"curies":[{"name":"wp","href":"https:\/\/api.w.org\/{rel}","templated":true}]}}