{"id":7410,"date":"2017-11-29T07:30:58","date_gmt":"2017-11-29T10:30:58","guid":{"rendered":"http:\/\/www.muricionline.com.br\/novo\/?p=7410"},"modified":"2017-11-29T07:30:58","modified_gmt":"2017-11-29T10:30:58","slug":"caso-allan-teofilo-comissao-de-delegados-vai-investigar-desaparecimento-de-jovem","status":"publish","type":"post","link":"http:\/\/www.muricionline.com.br\/novo\/?p=7410","title":{"rendered":"Caso Allan Te\u00f3filo: Comiss\u00e3o de delegados vai investigar desaparecimento de jovem"},"content":{"rendered":"<p>A Pol\u00edcia Civil de Alagoas (PC\/AL) deve intensificar ainda mais as investiga\u00e7\u00f5es sobre o desaparecimento do jovem Allan Te\u00f3filo Bandeira, de 28 anos de idade.<\/p>\n<div class=\"row\">\n<div class=\"col-md-12 col-sm-12 col-xs-12\">\n<div class=\"texto\">\n<div>&nbsp;<\/div>\n<div>Na manh\u00e3 desta ter\u00e7a-feira (28), o delegado-geral da Pol\u00edcia Civil, Paulo Cerqueira designou uma comiss\u00e3o de delegados para investigar o caso.<\/div>\n<div>&nbsp;<\/div>\n<div>O grupo de trabalho ser\u00e1 presidido pelo delegado Rodrigo Sarmento, que comp\u00f5e a equipe que atua na Delegacia de Homic\u00eddios da Capital (DHC).<\/div>\n<div>&nbsp;<\/div>\n<div>Al\u00e9m de Sarmento, fazem parte da comiss\u00e3o rec\u00e9m designada os delegados F\u00e1bio Costa e Thiago Prado, que tem atuado de forma sistem\u00e1tica em casos de natureza similar.<\/div>\n<div>&nbsp;<\/div>\n<div>A portaria que ratifica a cria\u00e7\u00e3o da comiss\u00e3o especial de delegados deve ser publicada na edi\u00e7\u00e3o desta quarta-feira (29), do Di\u00e1rio Oficial do Estado.<\/div>\n<div>&nbsp;<\/div>\n<div>O jovem desapareceu na \u00faltima quinta-feira (23), quando saiu de casa afirmando que se deslocaria at\u00e9 o munic\u00edpio de Satuba, aonde participaria de uma partida de futebol.<\/div>\n<div>&nbsp;<\/div>\n<div>Desde ent\u00e3o, ele n\u00e3o foi mais visto e o seu sumi\u00e7o gerou uma grande mobiliza\u00e7\u00e3o de familiares e amigos nas redes sociais, que infelizmente, ainda n\u00e3o surtiu o efeito esperado, com a localiza\u00e7\u00e3o do paradeiro do jovem.<\/div>\n<div>&nbsp;<\/div>\n<\/div>\n<\/div>\n<div>Com Melhor Noticia&nbsp;<\/div>\n<\/div>\n<span style=\"clear:both;display:none;\"><img src=\"http:\/\/www.muricionline.com.br\/novo\/wp-content\/plugins\/wp-spamfree\/img\/wpsf-img.php\" width=\"0\" height=\"0\" alt=\"\" style=\"border-style:none;width:0px;height:0px;display:none;\" \/><\/span>","protected":false},"excerpt":{"rendered":"<p>A Pol\u00edcia Civil de Alagoas (PC\/AL) deve intensificar ainda mais as investiga\u00e7\u00f5es sobre o desaparecimento do jovem Allan Te\u00f3filo Bandeira, de 28 anos de idade. &nbsp; Na manh\u00e3 desta ter\u00e7a-feira (28), o delegado-geral da Pol\u00edcia Civil, Paulo Cerqueira designou uma comiss\u00e3o de delegados para investigar o caso. &nbsp; O grupo de trabalho ser\u00e1 presidido pelo&#8230;<\/p>\n","protected":false},"author":1,"featured_media":7411,"comment_status":"open","ping_status":"open","sticky":false,"template":"","format":"standard","meta":{"footnotes":""},"categories":[1],"tags":[5],"_links":{"self":[{"href":"http:\/\/www.muricionline.com.br\/novo\/index.php?rest_route=\/wp\/v2\/posts\/7410"}],"collection":[{"href":"http:\/\/www.muricionline.com.br\/novo\/index.php?rest_route=\/wp\/v2\/posts"}],"about":[{"href":"http:\/\/www.muricionline.com.br\/novo\/index.php?rest_route=\/wp\/v2\/types\/post"}],"author":[{"embeddable":true,"href":"http:\/\/www.muricionline.com.br\/novo\/index.php?rest_route=\/wp\/v2\/users\/1"}],"replies":[{"embeddable":true,"href":"http:\/\/www.muricionline.com.br\/novo\/index.php?rest_route=%2Fwp%2Fv2%2Fcomments&post=7410"}],"version-history":[{"count":1,"href":"http:\/\/www.muricionline.com.br\/novo\/index.php?rest_route=\/wp\/v2\/posts\/7410\/revisions"}],"predecessor-version":[{"id":7412,"href":"http:\/\/www.muricionline.com.br\/novo\/index.php?rest_route=\/wp\/v2\/posts\/7410\/revisions\/7412"}],"wp:featuredmedia":[{"embeddable":true,"href":"http:\/\/www.muricionline.com.br\/novo\/index.php?rest_route=\/wp\/v2\/media\/7411"}],"wp:attachment":[{"href":"http:\/\/www.muricionline.com.br\/novo\/index.php?rest_route=%2Fwp%2Fv2%2Fmedia&parent=7410"}],"wp:term":[{"taxonomy":"category","embeddable":true,"href":"http:\/\/www.muricionline.com.br\/novo\/index.php?rest_route=%2Fwp%2Fv2%2Fcategories&post=7410"},{"taxonomy":"post_tag","embeddable":true,"href":"http:\/\/www.muricionline.com.br\/novo\/index.php?rest_route=%2Fwp%2Fv2%2Ftags&post=7410"}],"curies":[{"name":"wp","href":"https:\/\/api.w.org\/{rel}","templated":true}]}}