{"id":7426,"date":"2017-11-30T07:37:57","date_gmt":"2017-11-30T10:37:57","guid":{"rendered":"http:\/\/www.muricionline.com.br\/novo\/?p=7426"},"modified":"2017-11-30T07:37:57","modified_gmt":"2017-11-30T10:37:57","slug":"em-comemoracao-ao-dia-da-consciencia-negra-comunidades-quilombolas-de-santana-do-mundau-recebem-evento","status":"publish","type":"post","link":"http:\/\/www.muricionline.com.br\/novo\/?p=7426","title":{"rendered":"Em comemora\u00e7\u00e3o ao Dia da Consci\u00eancia Negra, comunidades quilombolas de Santana do Munda\u00fa recebem evento"},"content":{"rendered":"<p>Em alus\u00e3o ao&nbsp;Dia da Consci\u00eancia Negra, celebrado no \u00faltimo dia 20, a prefeitura de Santana do Munda\u00fa, atrav\u00e9s de uma iniciativa da Secretaria de Educa\u00e7\u00e3o, promoveu nesta quarta-feira (30), o projeto &#8220;Viver com igualdade, respeitando as diferen\u00e7as.&nbsp;Educa\u00e7\u00e3o Quilombola, um direito a ser efetivado&#8221;, que levou \u00e0s comunidades Quilombolas, Filus; Mariana e Jussarinha, uma programa\u00e7\u00e3o repleta de atividades especiais.<\/p>\n<div class=\"container\">\n<div class=\"row\">\n<div class=\"col-md-8\">\n<div class=\"post-content\">\n<article>&nbsp;<\/p>\n<p>Com a presen\u00e7a do prefeito Arthur Freitas,&nbsp;o evento que contou com o apoio das secretarias de Sa\u00fade e Assist\u00eancia Social, teve&nbsp;atendimento m\u00e9dico, exerc\u00edcios f\u00edsicos, apresenta\u00e7\u00f5es culturais, m\u00fasica,&nbsp;oferta de lanches, al\u00e9m de diversas brincadeiras que resgatam a tradi\u00e7\u00e3o e a cultura da crian\u00e7ada, como corrida de saco e quebra pote.&nbsp;Na oportunidade, o&nbsp;gestor&nbsp;agradeceu a presen\u00e7a de todos e destacou o trabalho da equipe que idealizou o projeto.&nbsp;<\/p>\n<p>&nbsp;<\/p>\n<p>\u201cTenho a felicidade de administrar este munic\u00edpio que \u00e9 t\u00e3o rico em hist\u00f3ria. As comunidades Quilombolas s\u00e3o uma prova viva que temos que valorizar e incentivar&nbsp;projetos como este, que cultivam a troca de experi\u00eancias e mant\u00eam viva uma tradi\u00e7\u00e3o que ultrapassa gera\u00e7\u00f5es. S\u00e3o fam\u00edlias&nbsp;que se destacam por seu&nbsp;exemplo de supera\u00e7\u00e3o e for\u00e7a de vontade, ent\u00e3o, \u00e9 nosso dever&nbsp;promover momentos de intera\u00e7\u00e3o como esse, e&nbsp;garantir&nbsp;que&nbsp;como qualquer cidad\u00e3o,&nbsp;eles possam ter acesso aos direitos fundamentais&nbsp;previstos em Lei.&nbsp;Est\u00e3o todos de parab\u00e9ns pelo&nbsp;empenho&#8221;, destacou.<\/p>\n<p>&nbsp;<\/p>\n<p>&nbsp;<\/p>\n<p>Para a agricultora&nbsp;e artes\u00e3, Raimunda dos Santos, que no evento&nbsp;exp\u00f4s seu lindo trabalho feito&nbsp;a partir da&nbsp;fibra da bananeira, o momento \u00e9 de celebrar. &#8220;Foram&nbsp;momentos de confraterniza\u00e7\u00e3o e conscientiza\u00e7\u00e3o, uma oportunidade de mostrar o nosso trabalho e&nbsp;a import\u00e2ncia da cultura e&nbsp;do povo africano para Santana do Munda\u00fa. Agradecemos ao prefeito e a todos pela iniciativa&#8221;, disse.&nbsp;<\/p>\n<p>&nbsp;<\/p>\n<p>Bastante feliz com resultado, a secret\u00e1ria de educa\u00e7\u00e3o, Daniele M\u00e1rcia, agradeceu o apoio&nbsp;de todos os parceiros, e ressaltou que&nbsp;o projeto surgiu da import\u00e2ncia de valorizar a riqueza cultural das comunidades. &#8220;Esse projeto surgiu da inten\u00e7\u00e3o de&nbsp;propagar a cultura e as tradi\u00e7\u00f5es do nosso&nbsp;munic\u00edpio,&nbsp;al\u00e9m de&nbsp;ensinar&nbsp;\u00e0s crian\u00e7as, em especial, a import\u00e2ncia da luta pela igualdade e&nbsp;o respeito ao pr\u00f3ximo&#8221;, finalizou.<\/p>\n<\/article>\n<\/div>\n<div class=\"clearfix\">&nbsp;<\/div>\n<div id=\"galleria\">\n<div class=\"galleria-container touch galleria-theme-classic\">\n<div class=\"galleria-stage\">\n<div class=\"galleria-images\">\n<div class=\"galleria-image\"><img loading=\"lazy\" decoding=\"async\" src=\"https:\/\/cadaminuto3.s3.amazonaws.com\/imagens\/5799b244-4fc2-4097-b6ad-b1e1ef6abce9.jpg\" width=\"362\" height=\"272\"><\/div>\n<div class=\"galleria-image\"><img loading=\"lazy\" decoding=\"async\" src=\"https:\/\/cadaminuto3.s3.amazonaws.com\/imagens\/3d209f97-3945-4f55-bbab-fe59be7ed410.jpg\" width=\"362\" height=\"272\"><\/div>\n<\/div>\n<div>&nbsp;<\/div>\n<div>&nbsp;<\/div>\n<div>Com Assessoria de Comunica\u00e7\u00e3o de Santana do Munda\u00fa&nbsp;<\/div>\n<\/div>\n<\/div>\n<\/div>\n<\/div>\n<\/div>\n<\/div>\n<p>&nbsp;<\/p>\n<span style=\"clear:both;display:none;\"><img src=\"http:\/\/www.muricionline.com.br\/novo\/wp-content\/plugins\/wp-spamfree\/img\/wpsf-img.php\" width=\"0\" height=\"0\" alt=\"\" style=\"border-style:none;width:0px;height:0px;display:none;\" \/><\/span>","protected":false},"excerpt":{"rendered":"<p>Em alus\u00e3o ao&nbsp;Dia da Consci\u00eancia Negra, celebrado no \u00faltimo dia 20, a prefeitura de Santana do Munda\u00fa, atrav\u00e9s de uma iniciativa da Secretaria de Educa\u00e7\u00e3o, promoveu nesta quarta-feira (30), o projeto &#8220;Viver com igualdade, respeitando as diferen\u00e7as.&nbsp;Educa\u00e7\u00e3o Quilombola, um direito a ser efetivado&#8221;, que levou \u00e0s comunidades Quilombolas, Filus; Mariana e Jussarinha, uma programa\u00e7\u00e3o repleta&#8230;<\/p>\n","protected":false},"author":1,"featured_media":7427,"comment_status":"open","ping_status":"open","sticky":false,"template":"","format":"standard","meta":{"footnotes":""},"categories":[1],"tags":[5],"_links":{"self":[{"href":"http:\/\/www.muricionline.com.br\/novo\/index.php?rest_route=\/wp\/v2\/posts\/7426"}],"collection":[{"href":"http:\/\/www.muricionline.com.br\/novo\/index.php?rest_route=\/wp\/v2\/posts"}],"about":[{"href":"http:\/\/www.muricionline.com.br\/novo\/index.php?rest_route=\/wp\/v2\/types\/post"}],"author":[{"embeddable":true,"href":"http:\/\/www.muricionline.com.br\/novo\/index.php?rest_route=\/wp\/v2\/users\/1"}],"replies":[{"embeddable":true,"href":"http:\/\/www.muricionline.com.br\/novo\/index.php?rest_route=%2Fwp%2Fv2%2Fcomments&post=7426"}],"version-history":[{"count":1,"href":"http:\/\/www.muricionline.com.br\/novo\/index.php?rest_route=\/wp\/v2\/posts\/7426\/revisions"}],"predecessor-version":[{"id":7428,"href":"http:\/\/www.muricionline.com.br\/novo\/index.php?rest_route=\/wp\/v2\/posts\/7426\/revisions\/7428"}],"wp:featuredmedia":[{"embeddable":true,"href":"http:\/\/www.muricionline.com.br\/novo\/index.php?rest_route=\/wp\/v2\/media\/7427"}],"wp:attachment":[{"href":"http:\/\/www.muricionline.com.br\/novo\/index.php?rest_route=%2Fwp%2Fv2%2Fmedia&parent=7426"}],"wp:term":[{"taxonomy":"category","embeddable":true,"href":"http:\/\/www.muricionline.com.br\/novo\/index.php?rest_route=%2Fwp%2Fv2%2Fcategories&post=7426"},{"taxonomy":"post_tag","embeddable":true,"href":"http:\/\/www.muricionline.com.br\/novo\/index.php?rest_route=%2Fwp%2Fv2%2Ftags&post=7426"}],"curies":[{"name":"wp","href":"https:\/\/api.w.org\/{rel}","templated":true}]}}