{"id":7442,"date":"2017-12-02T11:04:53","date_gmt":"2017-12-02T14:04:53","guid":{"rendered":"http:\/\/www.muricionline.com.br\/novo\/?p=7442"},"modified":"2017-12-02T11:04:53","modified_gmt":"2017-12-02T14:04:53","slug":"morre-em-maceio-afranio-vergeti-ex-prefeito-de-uniao-dos-palmares","status":"publish","type":"post","link":"http:\/\/www.muricionline.com.br\/novo\/?p=7442","title":{"rendered":"Morre em Macei\u00f3, Afr\u00e2nio Vergeti, ex-prefeito de Uni\u00e3o dos Palmares"},"content":{"rendered":"<p><em>A fam\u00edlia Vergeti anunciou na manh\u00e3 deste s\u00e1bado,2, o falecimento do pol\u00edtico e agropecuarista, Jos\u00e9 Afr\u00e2nio Vergeti de Siqueira, ex-prefeito de Uni\u00e3o dos Palmares<span style=\"font-size: 16px;\">. Casado com a professora, Maria Cristina de Goes Vergeti, Afr\u00e2nio teve dessa uni\u00e3o dois filhos, Mauricio e Afraninho Filho.<\/span><\/em><\/p>\n<p><em>Jos\u00e9 Afr\u00e2nio Vergeti foi vereador por Uni\u00e3o dos palmares em 1977. Oriundo da regi\u00e3o do Sueca, rapidamente se tornou um vision\u00e1rio da pol\u00edtica e fez durante 50 anos de sua vida, oposi\u00e7\u00e3o pol\u00edtica a fam\u00edlia Gomes de Barros que representou a sua \u00e9poca uma agremia\u00e7\u00e3o pol\u00edtica situacionista. Eleito pelo MDB, Afr\u00e2nio Vergeti fez uma das melhores administra\u00e7\u00f5es em Uni\u00e3o dos Palmares, com obras pol\u00eamicas a exemplo da rodovi\u00e1ria Povina Cavalcante e a compra de um \u00f4nibus escolar universit\u00e1rio, que conduzia estudantes do terceiro grau sem a cobran\u00e7a de passagem.<\/em><\/p>\n<p><em>Afr\u00e2nio Vergeti foi eleito pela \u00faltima vez prefeito de Uni\u00e3o dos Palamares em 2000, governou o munic\u00edpio durante um ano e meses, at\u00e9 ser cassado pelo magistrado, Jos\u00e9 Braga Neto e pelo promotor eleitoral, Jorge Dorea. Em seu lugar assumiu o ex-prefeito, Jos\u00e9 Pedrosa(in memoriam).<\/em><\/p>\n<p><em>&nbsp;A causa da morte a fam\u00edlia n\u00e3o comentou, mas ele sofria de Alzheimer o que poder\u00e1 ser a causa mais prov\u00e1vel, disse uma fonte.<\/em><\/p>\n<p>&nbsp;<\/p>\n<p><em>Com Ivan Nunes&nbsp;<\/em><\/p>\n<span style=\"clear:both;display:none;\"><img src=\"http:\/\/www.muricionline.com.br\/novo\/wp-content\/plugins\/wp-spamfree\/img\/wpsf-img.php\" width=\"0\" height=\"0\" alt=\"\" style=\"border-style:none;width:0px;height:0px;display:none;\" \/><\/span>","protected":false},"excerpt":{"rendered":"<p>A fam\u00edlia Vergeti anunciou na manh\u00e3 deste s\u00e1bado,2, o falecimento do pol\u00edtico e agropecuarista, Jos\u00e9 Afr\u00e2nio Vergeti de Siqueira, ex-prefeito de Uni\u00e3o dos Palmares. Casado com a professora, Maria Cristina de Goes Vergeti, Afr\u00e2nio teve dessa uni\u00e3o dois filhos, Mauricio e Afraninho Filho. Jos\u00e9 Afr\u00e2nio Vergeti foi vereador por Uni\u00e3o dos palmares em 1977. Oriundo&#8230;<\/p>\n","protected":false},"author":1,"featured_media":7443,"comment_status":"open","ping_status":"open","sticky":false,"template":"","format":"standard","meta":{"footnotes":""},"categories":[1],"tags":[5],"_links":{"self":[{"href":"http:\/\/www.muricionline.com.br\/novo\/index.php?rest_route=\/wp\/v2\/posts\/7442"}],"collection":[{"href":"http:\/\/www.muricionline.com.br\/novo\/index.php?rest_route=\/wp\/v2\/posts"}],"about":[{"href":"http:\/\/www.muricionline.com.br\/novo\/index.php?rest_route=\/wp\/v2\/types\/post"}],"author":[{"embeddable":true,"href":"http:\/\/www.muricionline.com.br\/novo\/index.php?rest_route=\/wp\/v2\/users\/1"}],"replies":[{"embeddable":true,"href":"http:\/\/www.muricionline.com.br\/novo\/index.php?rest_route=%2Fwp%2Fv2%2Fcomments&post=7442"}],"version-history":[{"count":1,"href":"http:\/\/www.muricionline.com.br\/novo\/index.php?rest_route=\/wp\/v2\/posts\/7442\/revisions"}],"predecessor-version":[{"id":7444,"href":"http:\/\/www.muricionline.com.br\/novo\/index.php?rest_route=\/wp\/v2\/posts\/7442\/revisions\/7444"}],"wp:featuredmedia":[{"embeddable":true,"href":"http:\/\/www.muricionline.com.br\/novo\/index.php?rest_route=\/wp\/v2\/media\/7443"}],"wp:attachment":[{"href":"http:\/\/www.muricionline.com.br\/novo\/index.php?rest_route=%2Fwp%2Fv2%2Fmedia&parent=7442"}],"wp:term":[{"taxonomy":"category","embeddable":true,"href":"http:\/\/www.muricionline.com.br\/novo\/index.php?rest_route=%2Fwp%2Fv2%2Fcategories&post=7442"},{"taxonomy":"post_tag","embeddable":true,"href":"http:\/\/www.muricionline.com.br\/novo\/index.php?rest_route=%2Fwp%2Fv2%2Ftags&post=7442"}],"curies":[{"name":"wp","href":"https:\/\/api.w.org\/{rel}","templated":true}]}}