{"id":7445,"date":"2017-12-02T11:47:34","date_gmt":"2017-12-02T14:47:34","guid":{"rendered":"http:\/\/www.muricionline.com.br\/novo\/?p=7445"},"modified":"2017-12-02T11:47:34","modified_gmt":"2017-12-02T14:47:34","slug":"primeira-noite-da-festa-da-natureza-2017-agita-murici","status":"publish","type":"post","link":"http:\/\/www.muricionline.com.br\/novo\/?p=7445","title":{"rendered":"Primeira noite da Festa da Natureza 2017 agita Murici"},"content":{"rendered":"<p>Com um forte esquema de seguran\u00e7a e muita agita\u00e7\u00e3o, teve inicio na noite de ontem, sexta-feira ( 01), a decima terceira edi\u00e7\u00e3o da Festa da Natureza de Murici, a maior festa da zona da Mata Alagoana.<\/p>\n<p>O p\u00fablico compareceu em bom n\u00famero a Pra\u00e7a Padre Cicero, no centro da cidade , para prestigiar o evento e curtir os shows do cantor, Wallas Arrais e das bandas NJeitos e Saia Rodada.<\/p>\n<p>Hoje, 02 de dezembro, a partir das 22h30, ser\u00e1 vez do cantor Daniel Fernandes, seguido por Nathan Loketa, Samyra Show e do grupo baiano Ara Ketu.<\/p>\n<p><a href=\"http:\/\/www.muricionline.com.br\/novo\/wp-content\/uploads\/2017\/12\/FB_IMG_1512225797877.jpg\"><img loading=\"lazy\" decoding=\"async\" class=\"aligncenter size-full wp-image-7447\" src=\"http:\/\/www.muricionline.com.br\/novo\/wp-content\/uploads\/2017\/12\/FB_IMG_1512225797877.jpg\" alt=\"\" width=\"960\" height=\"640\" srcset=\"http:\/\/www.muricionline.com.br\/novo\/wp-content\/uploads\/2017\/12\/FB_IMG_1512225797877.jpg 960w, http:\/\/www.muricionline.com.br\/novo\/wp-content\/uploads\/2017\/12\/FB_IMG_1512225797877-300x200.jpg 300w, http:\/\/www.muricionline.com.br\/novo\/wp-content\/uploads\/2017\/12\/FB_IMG_1512225797877-768x512.jpg 768w\" sizes=\"(max-width: 960px) 100vw, 960px\" \/><\/a><\/p>\n<span style=\"clear:both;display:none;\"><img src=\"http:\/\/www.muricionline.com.br\/novo\/wp-content\/plugins\/wp-spamfree\/img\/wpsf-img.php\" width=\"0\" height=\"0\" alt=\"\" style=\"border-style:none;width:0px;height:0px;display:none;\" \/><\/span>","protected":false},"excerpt":{"rendered":"<p>Com um forte esquema de seguran\u00e7a e muita agita\u00e7\u00e3o, teve inicio na noite de ontem, sexta-feira ( 01), a decima terceira edi\u00e7\u00e3o da Festa da Natureza de Murici, a maior festa da zona da Mata Alagoana. O p\u00fablico compareceu em bom n\u00famero a Pra\u00e7a Padre Cicero, no centro da cidade , para prestigiar o evento&#8230;<\/p>\n","protected":false},"author":1,"featured_media":7446,"comment_status":"open","ping_status":"open","sticky":false,"template":"","format":"standard","meta":{"footnotes":""},"categories":[7],"tags":[5],"_links":{"self":[{"href":"http:\/\/www.muricionline.com.br\/novo\/index.php?rest_route=\/wp\/v2\/posts\/7445"}],"collection":[{"href":"http:\/\/www.muricionline.com.br\/novo\/index.php?rest_route=\/wp\/v2\/posts"}],"about":[{"href":"http:\/\/www.muricionline.com.br\/novo\/index.php?rest_route=\/wp\/v2\/types\/post"}],"author":[{"embeddable":true,"href":"http:\/\/www.muricionline.com.br\/novo\/index.php?rest_route=\/wp\/v2\/users\/1"}],"replies":[{"embeddable":true,"href":"http:\/\/www.muricionline.com.br\/novo\/index.php?rest_route=%2Fwp%2Fv2%2Fcomments&post=7445"}],"version-history":[{"count":1,"href":"http:\/\/www.muricionline.com.br\/novo\/index.php?rest_route=\/wp\/v2\/posts\/7445\/revisions"}],"predecessor-version":[{"id":7448,"href":"http:\/\/www.muricionline.com.br\/novo\/index.php?rest_route=\/wp\/v2\/posts\/7445\/revisions\/7448"}],"wp:featuredmedia":[{"embeddable":true,"href":"http:\/\/www.muricionline.com.br\/novo\/index.php?rest_route=\/wp\/v2\/media\/7446"}],"wp:attachment":[{"href":"http:\/\/www.muricionline.com.br\/novo\/index.php?rest_route=%2Fwp%2Fv2%2Fmedia&parent=7445"}],"wp:term":[{"taxonomy":"category","embeddable":true,"href":"http:\/\/www.muricionline.com.br\/novo\/index.php?rest_route=%2Fwp%2Fv2%2Fcategories&post=7445"},{"taxonomy":"post_tag","embeddable":true,"href":"http:\/\/www.muricionline.com.br\/novo\/index.php?rest_route=%2Fwp%2Fv2%2Ftags&post=7445"}],"curies":[{"name":"wp","href":"https:\/\/api.w.org\/{rel}","templated":true}]}}