{"id":7449,"date":"2017-12-02T16:35:46","date_gmt":"2017-12-02T19:35:46","guid":{"rendered":"http:\/\/www.muricionline.com.br\/novo\/?p=7449"},"modified":"2017-12-02T16:37:12","modified_gmt":"2017-12-02T19:37:12","slug":"7449","status":"publish","type":"post","link":"http:\/\/www.muricionline.com.br\/novo\/?p=7449","title":{"rendered":"Ex-deputado C\u00edcero Ferro morre aos 63 anos"},"content":{"rendered":"<p>O m\u00e9dico e ex-deputado estadual C\u00edcero Ferro morreu por volta das 22h30 da sexta-feira, na Santa Casa de Miseric\u00f3rdia de Macei\u00f3, onde havia dado entrada no come\u00e7o da tarde, com problemas respirat\u00f3rios.<\/p>\n<div class=\"texto\">\n<p>C\u00edcero Ferro tinha 63 anos de idade e lutava para recuperar a sa\u00fade. H\u00e1 alguns meses, por conta de um problema na coluna, j\u00e1 n\u00e3o conseguia ficar de p\u00e9.<\/p>\n<p>A causa da morte, segundo os m\u00e9dicos que acompanharam nos \u00faltimos momentos, foi em decorr\u00eancia de problemas cardiorrespirat\u00f3rios.&nbsp;<\/p>\n<p>O corpo de C\u00edcero Ferro est\u00e1 sendo velado at\u00e9 \u00e0s 15h deste s\u00e1bado, no cemit\u00e9rio Campo Santo Parque das Flores, em Macei\u00f3. Depois ser\u00e1 trasladado para a cidade do Recife, onde ser\u00e1 cremado.<\/p>\n<\/div>\n<p>&nbsp;<\/p>\n<p>&nbsp;<\/p>\n<p>Com Al1<\/p>\n<p>Foto: Reprodu\u00e7\u00e3o&nbsp;<\/p>\n<span style=\"clear:both;display:none;\"><img src=\"http:\/\/www.muricionline.com.br\/novo\/wp-content\/plugins\/wp-spamfree\/img\/wpsf-img.php\" width=\"0\" height=\"0\" alt=\"\" style=\"border-style:none;width:0px;height:0px;display:none;\" \/><\/span>","protected":false},"excerpt":{"rendered":"<p>O m\u00e9dico e ex-deputado estadual C\u00edcero Ferro morreu por volta das 22h30 da sexta-feira, na Santa Casa de Miseric\u00f3rdia de Macei\u00f3, onde havia dado entrada no come\u00e7o da tarde, com problemas respirat\u00f3rios. C\u00edcero Ferro tinha 63 anos de idade e lutava para recuperar a sa\u00fade. H\u00e1 alguns meses, por conta de um problema na coluna,&#8230;<\/p>\n","protected":false},"author":1,"featured_media":7450,"comment_status":"open","ping_status":"open","sticky":false,"template":"","format":"standard","meta":{"footnotes":""},"categories":[1],"tags":[5],"_links":{"self":[{"href":"http:\/\/www.muricionline.com.br\/novo\/index.php?rest_route=\/wp\/v2\/posts\/7449"}],"collection":[{"href":"http:\/\/www.muricionline.com.br\/novo\/index.php?rest_route=\/wp\/v2\/posts"}],"about":[{"href":"http:\/\/www.muricionline.com.br\/novo\/index.php?rest_route=\/wp\/v2\/types\/post"}],"author":[{"embeddable":true,"href":"http:\/\/www.muricionline.com.br\/novo\/index.php?rest_route=\/wp\/v2\/users\/1"}],"replies":[{"embeddable":true,"href":"http:\/\/www.muricionline.com.br\/novo\/index.php?rest_route=%2Fwp%2Fv2%2Fcomments&post=7449"}],"version-history":[{"count":2,"href":"http:\/\/www.muricionline.com.br\/novo\/index.php?rest_route=\/wp\/v2\/posts\/7449\/revisions"}],"predecessor-version":[{"id":7452,"href":"http:\/\/www.muricionline.com.br\/novo\/index.php?rest_route=\/wp\/v2\/posts\/7449\/revisions\/7452"}],"wp:featuredmedia":[{"embeddable":true,"href":"http:\/\/www.muricionline.com.br\/novo\/index.php?rest_route=\/wp\/v2\/media\/7450"}],"wp:attachment":[{"href":"http:\/\/www.muricionline.com.br\/novo\/index.php?rest_route=%2Fwp%2Fv2%2Fmedia&parent=7449"}],"wp:term":[{"taxonomy":"category","embeddable":true,"href":"http:\/\/www.muricionline.com.br\/novo\/index.php?rest_route=%2Fwp%2Fv2%2Fcategories&post=7449"},{"taxonomy":"post_tag","embeddable":true,"href":"http:\/\/www.muricionline.com.br\/novo\/index.php?rest_route=%2Fwp%2Fv2%2Ftags&post=7449"}],"curies":[{"name":"wp","href":"https:\/\/api.w.org\/{rel}","templated":true}]}}