{"id":7453,"date":"2017-12-03T09:07:36","date_gmt":"2017-12-03T12:07:36","guid":{"rendered":"http:\/\/www.muricionline.com.br\/novo\/?p=7453"},"modified":"2017-12-03T09:07:36","modified_gmt":"2017-12-03T12:07:36","slug":"governador-confirma-pagamento-do-13o-de-todo-funcionalismo-para-o-dia-15","status":"publish","type":"post","link":"http:\/\/www.muricionline.com.br\/novo\/?p=7453","title":{"rendered":"Governador confirma pagamento do 13\u00ba de todo funcionalismo para o dia 15"},"content":{"rendered":"<p>O governador Renan Filho anunciou nesta sexta-feira (1) o pagamento do d\u00e9cimo terceiro do funcionalismo estadual para o dia 15 de dezembro. Todas as faixas salariais ter\u00e3o o valor creditado nesta data.<\/p>\n<div class=\"itemBody\">\n<div class=\"itemFullText\">\n<p>&nbsp;<\/p>\n<p>\u201cEstamos iniciando o \u00faltimo m\u00eas do ano e eu queria fazer um agradecimento ao servidor p\u00fablico estadual, que esteve presente em cada conquista de Alagoas em 2017. Um ano especial como esse merece mais do que um \u2018obrigado\u2019. Por isso, eu estou antecipando o pagamento do d\u00e9cimo-terceiro de todo o funcionalismo do Estado\u201d, disse Renan Filho em v\u00eddeo veiculado em suas redes sociais.<\/p>\n<p>&nbsp;<\/p>\n<p>O ajuste fiscal que reequilibrou as contas p\u00fablicas e permitiu uma hist\u00f3rica retomada de investimentos com recursos pr\u00f3prios foi citado pelo governador como elemento que possibilita que Alagoas mais uma vez seja uma exce\u00e7\u00e3o no pa\u00eds. Enquanto a maioria dos Estados vive dificuldades para honrar com o pagamento do d\u00e9cimo terceiro de seu funcionalismo, o Governo de Alagoas d\u00e1 exemplo de seriedade e responsabilidade na gest\u00e3o.<\/p>\n<p>&nbsp;<\/p>\n<p>\u201cAs contas equilibradas do governo nos permitem fazer isso e, al\u00e9m de beneficiar diretamente cerca de 74 mil servidores ativos, inativos e pensionistas, vamos injetar quase R$ 299 milh\u00f5es na economia estadual, favorecendo com\u00e9rcio, servi\u00e7os e fazendo o mercado local girar mais forte\u201d, afirmou.<\/p>\n<p>&nbsp;<\/p>\n<\/div>\n<p>Com Ag\u00eancia Alagoas&nbsp;<\/p>\n<\/div>\n<span style=\"clear:both;display:none;\"><img src=\"http:\/\/www.muricionline.com.br\/novo\/wp-content\/plugins\/wp-spamfree\/img\/wpsf-img.php\" width=\"0\" height=\"0\" alt=\"\" style=\"border-style:none;width:0px;height:0px;display:none;\" \/><\/span>","protected":false},"excerpt":{"rendered":"<p>O governador Renan Filho anunciou nesta sexta-feira (1) o pagamento do d\u00e9cimo terceiro do funcionalismo estadual para o dia 15 de dezembro. Todas as faixas salariais ter\u00e3o o valor creditado nesta data. &nbsp; \u201cEstamos iniciando o \u00faltimo m\u00eas do ano e eu queria fazer um agradecimento ao servidor p\u00fablico estadual, que esteve presente em cada&#8230;<\/p>\n","protected":false},"author":1,"featured_media":7454,"comment_status":"open","ping_status":"open","sticky":false,"template":"","format":"standard","meta":{"footnotes":""},"categories":[7],"tags":[5],"_links":{"self":[{"href":"http:\/\/www.muricionline.com.br\/novo\/index.php?rest_route=\/wp\/v2\/posts\/7453"}],"collection":[{"href":"http:\/\/www.muricionline.com.br\/novo\/index.php?rest_route=\/wp\/v2\/posts"}],"about":[{"href":"http:\/\/www.muricionline.com.br\/novo\/index.php?rest_route=\/wp\/v2\/types\/post"}],"author":[{"embeddable":true,"href":"http:\/\/www.muricionline.com.br\/novo\/index.php?rest_route=\/wp\/v2\/users\/1"}],"replies":[{"embeddable":true,"href":"http:\/\/www.muricionline.com.br\/novo\/index.php?rest_route=%2Fwp%2Fv2%2Fcomments&post=7453"}],"version-history":[{"count":1,"href":"http:\/\/www.muricionline.com.br\/novo\/index.php?rest_route=\/wp\/v2\/posts\/7453\/revisions"}],"predecessor-version":[{"id":7455,"href":"http:\/\/www.muricionline.com.br\/novo\/index.php?rest_route=\/wp\/v2\/posts\/7453\/revisions\/7455"}],"wp:featuredmedia":[{"embeddable":true,"href":"http:\/\/www.muricionline.com.br\/novo\/index.php?rest_route=\/wp\/v2\/media\/7454"}],"wp:attachment":[{"href":"http:\/\/www.muricionline.com.br\/novo\/index.php?rest_route=%2Fwp%2Fv2%2Fmedia&parent=7453"}],"wp:term":[{"taxonomy":"category","embeddable":true,"href":"http:\/\/www.muricionline.com.br\/novo\/index.php?rest_route=%2Fwp%2Fv2%2Fcategories&post=7453"},{"taxonomy":"post_tag","embeddable":true,"href":"http:\/\/www.muricionline.com.br\/novo\/index.php?rest_route=%2Fwp%2Fv2%2Ftags&post=7453"}],"curies":[{"name":"wp","href":"https:\/\/api.w.org\/{rel}","templated":true}]}}