{"id":7456,"date":"2017-12-03T09:22:33","date_gmt":"2017-12-03T12:22:33","guid":{"rendered":"http:\/\/www.muricionline.com.br\/novo\/?p=7456"},"modified":"2017-12-03T09:22:33","modified_gmt":"2017-12-03T12:22:33","slug":"30-adolescentes-vivem-sonho-de-menina-promovido-pela-prefeitura-municipal-de-sao-jose-da-laje","status":"publish","type":"post","link":"http:\/\/www.muricionline.com.br\/novo\/?p=7456","title":{"rendered":"30 adolescentes vivem sonho de menina promovido pela prefeitura municipal de S\u00e3o Jos\u00e9 da Laje"},"content":{"rendered":"<p><b><\/b><strong>Um dia de princesa daqueles para guardar pra sempre na mem\u00f3ria<\/strong>, foi o que vivenciou 30 adolescentes escolhidas para&nbsp;o Sonho de Menina, projeto que beneficiou garotas da rede p\u00fablica de ensino, que participam dos programas sociais do munic\u00edpio. O Sonho de Menina \u00e9 uma parceria entre o munic\u00edpio de S\u00e3o Jos\u00e9 da Laje e o&nbsp;Instituto Brasileiro de Desenvolvimento Social(IBDS).<\/p>\n<p>Iniciado em&nbsp;agosto, as debutantes participaram de palestras com psic\u00f3logas, nutricionistas, dentistas, assistentes social, e tiveram at\u00e9 aulas de dan\u00e7a e de maquiagem. \u201cFoi um projeto para&nbsp;tornar realidade seus sonhos mais bonitos, esquecendo pelo menos por um tempo os problemas que enfrentam diariamente\u201d, explica Carly Valen\u00e7a, Secret\u00e1ria de Assist\u00eancia Social de S\u00e3o Jos\u00e9 da Laje.<\/p>\n<p>Foi uma noite m\u00e1gica e especial n\u00e3o s\u00f3 para as debutantes, mas tamb\u00e9m, para as fam\u00edlias das adolescentes. Al\u00e9m da apresenta\u00e7\u00e3o das debutantes e da tradicional valsa com seus pr\u00edncipes, as meninas fizeram uma apresenta\u00e7\u00e3o de dan\u00e7a e foram&nbsp;aplaudidas&nbsp;de p\u00e9 pelos convidados.<\/p>\n<p><a href=\"http:\/\/www.muricionline.com.br\/novo\/wp-content\/uploads\/2017\/12\/20171203_091745.png\"><img loading=\"lazy\" decoding=\"async\" class=\"aligncenter size-full wp-image-7458\" src=\"http:\/\/www.muricionline.com.br\/novo\/wp-content\/uploads\/2017\/12\/20171203_091745.png\" alt=\"\" width=\"953\" height=\"607\" srcset=\"http:\/\/www.muricionline.com.br\/novo\/wp-content\/uploads\/2017\/12\/20171203_091745.png 953w, http:\/\/www.muricionline.com.br\/novo\/wp-content\/uploads\/2017\/12\/20171203_091745-300x191.png 300w, http:\/\/www.muricionline.com.br\/novo\/wp-content\/uploads\/2017\/12\/20171203_091745-768x489.png 768w\" sizes=\"(max-width: 953px) 100vw, 953px\" \/><\/a><\/p>\n<p>O projeto deu t\u00e3o certo que o munic\u00edpio vai&nbsp;articular outros dois eventos deste segmento ano que vem. \u201cRealizamos esta festa, uma emo\u00e7\u00e3o indescrit\u00edvel para todos n\u00f3s, momento \u00fanico na vida das 30 meninas que ganharam um dia de beleza\u201d, disse o prefeito municipal. \u201cO nosso desafio, agora, \u00e9 manter a qualidade deste evento e realizar duas edi\u00e7\u00f5es no pr\u00f3ximo ano\u201d, concluiu Rodrigo Valen\u00e7a.<\/p>\n<p>Por SECOM<\/p>\n<span style=\"clear:both;display:none;\"><img src=\"http:\/\/www.muricionline.com.br\/novo\/wp-content\/plugins\/wp-spamfree\/img\/wpsf-img.php\" width=\"0\" height=\"0\" alt=\"\" style=\"border-style:none;width:0px;height:0px;display:none;\" \/><\/span>","protected":false},"excerpt":{"rendered":"<p>Um dia de princesa daqueles para guardar pra sempre na mem\u00f3ria, foi o que vivenciou 30 adolescentes escolhidas para&nbsp;o Sonho de Menina, projeto que beneficiou garotas da rede p\u00fablica de ensino, que participam dos programas sociais do munic\u00edpio. O Sonho de Menina \u00e9 uma parceria entre o munic\u00edpio de S\u00e3o Jos\u00e9 da Laje e o&nbsp;Instituto&#8230;<\/p>\n","protected":false},"author":1,"featured_media":7457,"comment_status":"open","ping_status":"open","sticky":false,"template":"","format":"standard","meta":{"footnotes":""},"categories":[1],"tags":[5],"_links":{"self":[{"href":"http:\/\/www.muricionline.com.br\/novo\/index.php?rest_route=\/wp\/v2\/posts\/7456"}],"collection":[{"href":"http:\/\/www.muricionline.com.br\/novo\/index.php?rest_route=\/wp\/v2\/posts"}],"about":[{"href":"http:\/\/www.muricionline.com.br\/novo\/index.php?rest_route=\/wp\/v2\/types\/post"}],"author":[{"embeddable":true,"href":"http:\/\/www.muricionline.com.br\/novo\/index.php?rest_route=\/wp\/v2\/users\/1"}],"replies":[{"embeddable":true,"href":"http:\/\/www.muricionline.com.br\/novo\/index.php?rest_route=%2Fwp%2Fv2%2Fcomments&post=7456"}],"version-history":[{"count":1,"href":"http:\/\/www.muricionline.com.br\/novo\/index.php?rest_route=\/wp\/v2\/posts\/7456\/revisions"}],"predecessor-version":[{"id":7459,"href":"http:\/\/www.muricionline.com.br\/novo\/index.php?rest_route=\/wp\/v2\/posts\/7456\/revisions\/7459"}],"wp:featuredmedia":[{"embeddable":true,"href":"http:\/\/www.muricionline.com.br\/novo\/index.php?rest_route=\/wp\/v2\/media\/7457"}],"wp:attachment":[{"href":"http:\/\/www.muricionline.com.br\/novo\/index.php?rest_route=%2Fwp%2Fv2%2Fmedia&parent=7456"}],"wp:term":[{"taxonomy":"category","embeddable":true,"href":"http:\/\/www.muricionline.com.br\/novo\/index.php?rest_route=%2Fwp%2Fv2%2Fcategories&post=7456"},{"taxonomy":"post_tag","embeddable":true,"href":"http:\/\/www.muricionline.com.br\/novo\/index.php?rest_route=%2Fwp%2Fv2%2Ftags&post=7456"}],"curies":[{"name":"wp","href":"https:\/\/api.w.org\/{rel}","templated":true}]}}