{"id":7460,"date":"2017-12-03T10:57:36","date_gmt":"2017-12-03T13:57:36","guid":{"rendered":"http:\/\/www.muricionline.com.br\/novo\/?p=7460"},"modified":"2017-12-03T11:06:19","modified_gmt":"2017-12-03T14:06:19","slug":"segunda-noite-da-festa-da-natureza-embala-muricienses-e-visitantes","status":"publish","type":"post","link":"http:\/\/www.muricionline.com.br\/novo\/?p=7460","title":{"rendered":"Segunda noite da Festa da Natureza embala muricienses e visitantes"},"content":{"rendered":"<p>A Festa da Natureza de Murici segue lotando a Pra\u00e7a Padre C\u00edcero, Neste segundo dia, o evento reuniu cerca de 10 mil pessoas para curtir os shows de Daniel Fernandes, Nathan Loketa, Samyra Show e do grupo baiano Ara Ketu.<\/p>\n<p><a href=\"http:\/\/www.muricionline.com.br\/novo\/wp-content\/uploads\/2017\/12\/FB_IMG_1512309083185.jpg\"><img loading=\"lazy\" decoding=\"async\" class=\"aligncenter size-full wp-image-7463\" src=\"http:\/\/www.muricionline.com.br\/novo\/wp-content\/uploads\/2017\/12\/FB_IMG_1512309083185.jpg\" alt=\"\" width=\"1110\" height=\"720\" srcset=\"http:\/\/www.muricionline.com.br\/novo\/wp-content\/uploads\/2017\/12\/FB_IMG_1512309083185.jpg 1110w, http:\/\/www.muricionline.com.br\/novo\/wp-content\/uploads\/2017\/12\/FB_IMG_1512309083185-300x195.jpg 300w, http:\/\/www.muricionline.com.br\/novo\/wp-content\/uploads\/2017\/12\/FB_IMG_1512309083185-768x498.jpg 768w, http:\/\/www.muricionline.com.br\/novo\/wp-content\/uploads\/2017\/12\/FB_IMG_1512309083185-1024x664.jpg 1024w\" sizes=\"(max-width: 1110px) 100vw, 1110px\" \/><\/a><\/p>\n<p>Diversas personalidades pol\u00edticas e esportivas marcaram presen\u00e7a nesta segunda noite do evento.<\/p>\n<p>No campo pol\u00edtico a presen\u00e7a do Governador Renan Filho, o prefeito Olavo Neto, o deputado estadual, Galba Novaes, secret\u00e1rios estaduais, vereadores e v\u00e1rios prefeitos convidados. O ex-prefeito, Remi Calheiros e o vice, Deivinho Vasconcelos, tamb\u00e9m prestigiaram o evento.<\/p>\n<p><a href=\"http:\/\/www.muricionline.com.br\/novo\/wp-content\/uploads\/2017\/12\/IMG-20171203-WA0134.jpg\"><img loading=\"lazy\" decoding=\"async\" class=\"aligncenter size-full wp-image-7462\" src=\"http:\/\/www.muricionline.com.br\/novo\/wp-content\/uploads\/2017\/12\/IMG-20171203-WA0134.jpg\" alt=\"\" width=\"1280\" height=\"837\" srcset=\"http:\/\/www.muricionline.com.br\/novo\/wp-content\/uploads\/2017\/12\/IMG-20171203-WA0134.jpg 1280w, http:\/\/www.muricionline.com.br\/novo\/wp-content\/uploads\/2017\/12\/IMG-20171203-WA0134-300x196.jpg 300w, http:\/\/www.muricionline.com.br\/novo\/wp-content\/uploads\/2017\/12\/IMG-20171203-WA0134-768x502.jpg 768w, http:\/\/www.muricionline.com.br\/novo\/wp-content\/uploads\/2017\/12\/IMG-20171203-WA0134-1024x670.jpg 1024w\" sizes=\"(max-width: 1280px) 100vw, 1280px\" \/><\/a><\/p>\n<p>No mundo do esporte, o destaque ficou por conta do jogador de futevolei, Bello, eleito v\u00e1rias vezes o melhor jogador do mundo e dos jogadores de futebol, Z\u00e9 Carlos, o Z\u00e9 dos Gol e Marcos Ant\u00f4nio.<\/p>\n<p>A festa tem sequ\u00eancia neste domingo, 03, com show da banda Conde do Forr\u00f3 e dos cantores, Matheus Moraes, Caninana e Avine Vinny.<\/p>\n<p>&nbsp;<\/p>\n<p><a href=\"http:\/\/www.muricionline.com.br\/novo\/wp-content\/uploads\/2017\/12\/IMG-20171203-WA0142.jpg\"><img loading=\"lazy\" decoding=\"async\" class=\"aligncenter size-full wp-image-7466\" src=\"http:\/\/www.muricionline.com.br\/novo\/wp-content\/uploads\/2017\/12\/IMG-20171203-WA0142.jpg\" alt=\"\" width=\"1256\" height=\"837\" srcset=\"http:\/\/www.muricionline.com.br\/novo\/wp-content\/uploads\/2017\/12\/IMG-20171203-WA0142.jpg 1256w, http:\/\/www.muricionline.com.br\/novo\/wp-content\/uploads\/2017\/12\/IMG-20171203-WA0142-300x200.jpg 300w, http:\/\/www.muricionline.com.br\/novo\/wp-content\/uploads\/2017\/12\/IMG-20171203-WA0142-768x512.jpg 768w, http:\/\/www.muricionline.com.br\/novo\/wp-content\/uploads\/2017\/12\/IMG-20171203-WA0142-1024x682.jpg 1024w\" sizes=\"(max-width: 1256px) 100vw, 1256px\" \/><\/a><\/p>\n<p>&nbsp;<\/p>\n<span style=\"clear:both;display:none;\"><img src=\"http:\/\/www.muricionline.com.br\/novo\/wp-content\/plugins\/wp-spamfree\/img\/wpsf-img.php\" width=\"0\" height=\"0\" alt=\"\" style=\"border-style:none;width:0px;height:0px;display:none;\" \/><\/span>","protected":false},"excerpt":{"rendered":"<p>A Festa da Natureza de Murici segue lotando a Pra\u00e7a Padre C\u00edcero, Neste segundo dia, o evento reuniu cerca de 10 mil pessoas para curtir os shows de Daniel Fernandes, Nathan Loketa, Samyra Show e do grupo baiano Ara Ketu. Diversas personalidades pol\u00edticas e esportivas marcaram presen\u00e7a nesta segunda noite do evento. No campo pol\u00edtico&#8230;<\/p>\n","protected":false},"author":1,"featured_media":7464,"comment_status":"open","ping_status":"open","sticky":false,"template":"","format":"standard","meta":{"footnotes":""},"categories":[7,1],"tags":[5],"_links":{"self":[{"href":"http:\/\/www.muricionline.com.br\/novo\/index.php?rest_route=\/wp\/v2\/posts\/7460"}],"collection":[{"href":"http:\/\/www.muricionline.com.br\/novo\/index.php?rest_route=\/wp\/v2\/posts"}],"about":[{"href":"http:\/\/www.muricionline.com.br\/novo\/index.php?rest_route=\/wp\/v2\/types\/post"}],"author":[{"embeddable":true,"href":"http:\/\/www.muricionline.com.br\/novo\/index.php?rest_route=\/wp\/v2\/users\/1"}],"replies":[{"embeddable":true,"href":"http:\/\/www.muricionline.com.br\/novo\/index.php?rest_route=%2Fwp%2Fv2%2Fcomments&post=7460"}],"version-history":[{"count":3,"href":"http:\/\/www.muricionline.com.br\/novo\/index.php?rest_route=\/wp\/v2\/posts\/7460\/revisions"}],"predecessor-version":[{"id":7469,"href":"http:\/\/www.muricionline.com.br\/novo\/index.php?rest_route=\/wp\/v2\/posts\/7460\/revisions\/7469"}],"wp:featuredmedia":[{"embeddable":true,"href":"http:\/\/www.muricionline.com.br\/novo\/index.php?rest_route=\/wp\/v2\/media\/7464"}],"wp:attachment":[{"href":"http:\/\/www.muricionline.com.br\/novo\/index.php?rest_route=%2Fwp%2Fv2%2Fmedia&parent=7460"}],"wp:term":[{"taxonomy":"category","embeddable":true,"href":"http:\/\/www.muricionline.com.br\/novo\/index.php?rest_route=%2Fwp%2Fv2%2Fcategories&post=7460"},{"taxonomy":"post_tag","embeddable":true,"href":"http:\/\/www.muricionline.com.br\/novo\/index.php?rest_route=%2Fwp%2Fv2%2Ftags&post=7460"}],"curies":[{"name":"wp","href":"https:\/\/api.w.org\/{rel}","templated":true}]}}