{"id":7470,"date":"2017-12-03T14:39:28","date_gmt":"2017-12-03T17:39:28","guid":{"rendered":"http:\/\/www.muricionline.com.br\/novo\/?p=7470"},"modified":"2017-12-03T14:39:28","modified_gmt":"2017-12-03T17:39:28","slug":"festa-da-natureza-de-murici-reune-mais-de-15-mil-pessoas","status":"publish","type":"post","link":"http:\/\/www.muricionline.com.br\/novo\/?p=7470","title":{"rendered":"Festa da Natureza de Murici re\u00fane mais de 15 mil pessoas  \u00a0"},"content":{"rendered":"<p>Idealizador da Festa da Natureza quando ainda era prefeito de Murici, em 2005, o governador Renan Filho prestigiou a 13\u00aa edi\u00e7\u00e3o do evento, que reuniu mais de 15 mil pessoas na noite de s\u00e1bado (2) e madrugada deste domingo (3), na Pra\u00e7a Padre C\u00edcero, Centro da cidade.<\/p>\n<div class=\"texto\">\n<p>Ao lado da primeira-dama Renata Calheiros e acompanhado do prefeito Olavo Neto, Renan Filho destacou a import\u00e2ncia da Festa da Natureza para a economia de Murici e da regi\u00e3o do Vale do Munda\u00fa. Ele contou que criou o festival com intuito de integr\u00e1-lo ao calend\u00e1rio cultural e de eventos de Alagoas, mas confessou que n\u00e3o imaginava que tomasse a dimens\u00e3o que tomou.<\/p>\n<p>&#8220;Lembro dos primeiros anos da Festa da Natureza e hoje podemos, todos juntos, observar a sua consolida\u00e7\u00e3o e o evento crescendo a cada edi\u00e7\u00e3o. Hoje, a Festa da Natureza \u00e9 um dos principais eventos de Murici e de Alagoas, ao lado do Bloco Tudo Azul, que desfila durante o carnaval&#8221;, declarou Renan Filho.<\/p>\n<p>A 13\u00aa edi\u00e7\u00e3o da Festa da Natureza teve in\u00edcio na sexta-feira (1\u00b0) e segue neste domingo, com Matheus Moraes, Conde do Forr\u00f3, Avine Vinny e Caninana. No s\u00e1bado, se apresentaram Daniel Fernandes, Natan Lok\u00eata, Araketu e Samyra Show.<\/p>\n<p>&#8220;O prefeito Olavo Neto resgatou as principais tradi\u00e7\u00f5es da festa, que envolvem a cultura, o esporte, a juventude, o folclore, de maneira que o evento atende a v\u00e1rios p\u00fablicos&#8221;, observou Renan Filho.<\/p>\n<p><img decoding=\"async\" src=\"http:\/\/agenciaalagoas.al.gov.br\/images\/NOTICIAS_2017\/12_DEZEMBRO\/semana_01\/2017-12-03-PHOTO-00003926.jpg\" alt=\"\"><\/p>\n<p><b>Investimentos<\/b><\/p>\n<p>Olavo Neto lembrou que o Governo do Estado \u00e9 um dos principais apoiadores da Festa da Natureza de Murici.<\/p>\n<p>&#8220;H\u00e1 13 anos nascia aqui a primeira edi\u00e7\u00e3o da Festa da Natureza, gra\u00e7as \u00e0 vis\u00e3o deste jovem governador, ent\u00e3o prefeito \u00e0 \u00e9poca.Temos que agradecer a Renan Filho pelo que fez enquanto prefeito, por ter constru\u00eddo o que construiu, e agora por ser governador e ter um cuidado todo especial por Murici, um carinho grande pela cidade&#8221;, declarou Olavo Neto.<\/p>\n<p>Ele citou, ainda, dois importantes investimentos feitos recentemente no munic\u00edpio pelo Governo do Estado: o Centro Integrado de Seguran\u00e7a P\u00fablica (Cisp) e a amplia\u00e7\u00e3o da rede de abastecimento de \u00e1gua, uma obra de R $ 7 milh\u00f5es, demanda antiga da popula\u00e7\u00e3o.<\/p>\n<p>Prestigiaram, ainda, a Festa da Natureza de Murici os deputados estaduais C\u00edcero Cavalcante, Galba Novaes e Jarizinho Lyra; o presidente da Associa\u00e7\u00e3o dos Munic\u00edpios Alagoanos (AMA), Hugo Wanderley; os secret\u00e1rios de Estado da Fazenda, George Santoro; de Planejamento e Gest\u00e3o, Fabr\u00edcio Marques; do Transporte e Desenvolvimento Urbano, Mosart Amaral; a secret\u00e1ria especial do Tesouro, Renata Santos; prefeitos e ex-prefeitos de munic\u00edpios alagoanos, dentre outras autoridades.<\/p>\n<p>&nbsp;<\/p>\n<p>Fonte: Ag\u00eancia Alagoas<\/p>\n<\/div>\n<span style=\"clear:both;display:none;\"><img src=\"http:\/\/www.muricionline.com.br\/novo\/wp-content\/plugins\/wp-spamfree\/img\/wpsf-img.php\" width=\"0\" height=\"0\" alt=\"\" style=\"border-style:none;width:0px;height:0px;display:none;\" \/><\/span>","protected":false},"excerpt":{"rendered":"<p>Idealizador da Festa da Natureza quando ainda era prefeito de Murici, em 2005, o governador Renan Filho prestigiou a 13\u00aa edi\u00e7\u00e3o do evento, que reuniu mais de 15 mil pessoas na noite de s\u00e1bado (2) e madrugada deste domingo (3), na Pra\u00e7a Padre C\u00edcero, Centro da cidade. Ao lado da primeira-dama Renata Calheiros e acompanhado&#8230;<\/p>\n","protected":false},"author":1,"featured_media":7471,"comment_status":"open","ping_status":"open","sticky":false,"template":"","format":"standard","meta":{"footnotes":""},"categories":[7],"tags":[5],"_links":{"self":[{"href":"http:\/\/www.muricionline.com.br\/novo\/index.php?rest_route=\/wp\/v2\/posts\/7470"}],"collection":[{"href":"http:\/\/www.muricionline.com.br\/novo\/index.php?rest_route=\/wp\/v2\/posts"}],"about":[{"href":"http:\/\/www.muricionline.com.br\/novo\/index.php?rest_route=\/wp\/v2\/types\/post"}],"author":[{"embeddable":true,"href":"http:\/\/www.muricionline.com.br\/novo\/index.php?rest_route=\/wp\/v2\/users\/1"}],"replies":[{"embeddable":true,"href":"http:\/\/www.muricionline.com.br\/novo\/index.php?rest_route=%2Fwp%2Fv2%2Fcomments&post=7470"}],"version-history":[{"count":1,"href":"http:\/\/www.muricionline.com.br\/novo\/index.php?rest_route=\/wp\/v2\/posts\/7470\/revisions"}],"predecessor-version":[{"id":7472,"href":"http:\/\/www.muricionline.com.br\/novo\/index.php?rest_route=\/wp\/v2\/posts\/7470\/revisions\/7472"}],"wp:featuredmedia":[{"embeddable":true,"href":"http:\/\/www.muricionline.com.br\/novo\/index.php?rest_route=\/wp\/v2\/media\/7471"}],"wp:attachment":[{"href":"http:\/\/www.muricionline.com.br\/novo\/index.php?rest_route=%2Fwp%2Fv2%2Fmedia&parent=7470"}],"wp:term":[{"taxonomy":"category","embeddable":true,"href":"http:\/\/www.muricionline.com.br\/novo\/index.php?rest_route=%2Fwp%2Fv2%2Fcategories&post=7470"},{"taxonomy":"post_tag","embeddable":true,"href":"http:\/\/www.muricionline.com.br\/novo\/index.php?rest_route=%2Fwp%2Fv2%2Ftags&post=7470"}],"curies":[{"name":"wp","href":"https:\/\/api.w.org\/{rel}","templated":true}]}}