{"id":7473,"date":"2017-12-05T07:38:23","date_gmt":"2017-12-05T10:38:23","guid":{"rendered":"http:\/\/www.muricionline.com.br\/novo\/?p=7473"},"modified":"2017-12-05T07:38:23","modified_gmt":"2017-12-05T10:38:23","slug":"cras-de-santana-do-mundau-promove-confraternizacao-para-grupo-da-melhor-idade","status":"publish","type":"post","link":"http:\/\/www.muricionline.com.br\/novo\/?p=7473","title":{"rendered":"Cras de Santana do Munda\u00fa promove confraterniza\u00e7\u00e3o para grupo da Melhor Idade"},"content":{"rendered":"<p>Para celebrar o ano de atividades desenvolvidas por toda a equipe, o&nbsp;Centro de Refer\u00eancia de Assist\u00eancia Social &#8211; CRAS, por meio da Secretaria de Assist\u00eancia Social, promoveu um dia inesquec\u00edvel para os integrantes do grupo da Melhor Idade&nbsp;do Servi\u00e7o de Conviv\u00eancia e Fortalecimento de V\u00ednculos &nbsp;(SCFV) de Santana do Munda\u00fa.<\/p>\n<div class=\"row\">\n<div class=\"col-md-8\">\n<div class=\"post-content\">\n<article>&nbsp;<\/p>\n<p>J\u00e1&nbsp;nas primeiras horas da manh\u00e3,&nbsp;os usu\u00e1rios&nbsp;embarcaram&nbsp;em um confort\u00e1vel \u00f4nibus,&nbsp;rumo ao&nbsp;Retiro Park &#8211;&nbsp;um parque aqu\u00e1tico localizado no munic\u00edpio de&nbsp;Uni\u00e3o dos Palmares. Sem esconder o entusiamo,&nbsp;logo que&nbsp;chegou&nbsp;ao local, a turma demonstrou que felicidade n\u00e3o tem mesmo idade. Com largos sorrisos nos rostos, eles ca\u00edram na \u00e1gua e exploraram todos os brinquedos que a estrutura oferece, n\u00e3o sem antes passarem por um exerc\u00edcio f\u00edsico de alongamento, \u00e9 claro.<\/p>\n<p>&nbsp;<\/p>\n<p>A extensa programa\u00e7\u00e3o contou ainda com muita m\u00fasica ao vivo, dan\u00e7a, distribui\u00e7\u00e3o de almo\u00e7o e sobremesas, al\u00e9m de sorteio de cestas natalinas. Para a Secret\u00e1ria de Assist\u00eancia Social, Lara Cavalcante,&nbsp;as atividades desenvolvidas nos CRAS revelam o empenho do prefeito Arthur Freitas,&nbsp;em manter essas pessoas assistidas em suas necessidades b\u00e1sicas, que s\u00e3o o direito ao lazer de qualidade e sua inser\u00e7\u00e3o no meio social, atrav\u00e9s de atividades educativas e de promo\u00e7\u00e3o humana.&nbsp;\u201cEsse&nbsp;evento foi especialmente planejado para&nbsp;proporcionar&nbsp;momentos de confraterniza\u00e7\u00e3o e intera\u00e7\u00e3o entre&nbsp;eles, que merecem ser respeitados como pessoas ainda cheias de vida, sonhos e desejos&nbsp;que s\u00e3o. Nossas a\u00e7\u00f5es visam assegurar-lhes bons tratos e dignidade, pois eles merecem nossa aten\u00e7\u00e3o, apoio, respeito, e carinho\u201d, afirmou.<\/p>\n<p>O evento tamb\u00e9m&nbsp;contou com a presen\u00e7a do secret\u00e1rio de infraestrutura, Neno Freitas e de sua esposa, Renata.<\/p>\n<p>&nbsp;<\/p>\n<\/article>\n<p>Com Assessoria&nbsp;<\/p>\n<\/div>\n<\/div>\n<\/div>\n<span style=\"clear:both;display:none;\"><img src=\"http:\/\/www.muricionline.com.br\/novo\/wp-content\/plugins\/wp-spamfree\/img\/wpsf-img.php\" width=\"0\" height=\"0\" alt=\"\" style=\"border-style:none;width:0px;height:0px;display:none;\" \/><\/span>","protected":false},"excerpt":{"rendered":"<p>Para celebrar o ano de atividades desenvolvidas por toda a equipe, o&nbsp;Centro de Refer\u00eancia de Assist\u00eancia Social &#8211; CRAS, por meio da Secretaria de Assist\u00eancia Social, promoveu um dia inesquec\u00edvel para os integrantes do grupo da Melhor Idade&nbsp;do Servi\u00e7o de Conviv\u00eancia e Fortalecimento de V\u00ednculos &nbsp;(SCFV) de Santana do Munda\u00fa. &nbsp; J\u00e1&nbsp;nas primeiras horas da&#8230;<\/p>\n","protected":false},"author":1,"featured_media":7474,"comment_status":"open","ping_status":"open","sticky":false,"template":"","format":"standard","meta":{"footnotes":""},"categories":[1],"tags":[5],"_links":{"self":[{"href":"http:\/\/www.muricionline.com.br\/novo\/index.php?rest_route=\/wp\/v2\/posts\/7473"}],"collection":[{"href":"http:\/\/www.muricionline.com.br\/novo\/index.php?rest_route=\/wp\/v2\/posts"}],"about":[{"href":"http:\/\/www.muricionline.com.br\/novo\/index.php?rest_route=\/wp\/v2\/types\/post"}],"author":[{"embeddable":true,"href":"http:\/\/www.muricionline.com.br\/novo\/index.php?rest_route=\/wp\/v2\/users\/1"}],"replies":[{"embeddable":true,"href":"http:\/\/www.muricionline.com.br\/novo\/index.php?rest_route=%2Fwp%2Fv2%2Fcomments&post=7473"}],"version-history":[{"count":1,"href":"http:\/\/www.muricionline.com.br\/novo\/index.php?rest_route=\/wp\/v2\/posts\/7473\/revisions"}],"predecessor-version":[{"id":7475,"href":"http:\/\/www.muricionline.com.br\/novo\/index.php?rest_route=\/wp\/v2\/posts\/7473\/revisions\/7475"}],"wp:featuredmedia":[{"embeddable":true,"href":"http:\/\/www.muricionline.com.br\/novo\/index.php?rest_route=\/wp\/v2\/media\/7474"}],"wp:attachment":[{"href":"http:\/\/www.muricionline.com.br\/novo\/index.php?rest_route=%2Fwp%2Fv2%2Fmedia&parent=7473"}],"wp:term":[{"taxonomy":"category","embeddable":true,"href":"http:\/\/www.muricionline.com.br\/novo\/index.php?rest_route=%2Fwp%2Fv2%2Fcategories&post=7473"},{"taxonomy":"post_tag","embeddable":true,"href":"http:\/\/www.muricionline.com.br\/novo\/index.php?rest_route=%2Fwp%2Fv2%2Ftags&post=7473"}],"curies":[{"name":"wp","href":"https:\/\/api.w.org\/{rel}","templated":true}]}}