{"id":7487,"date":"2017-12-07T08:02:22","date_gmt":"2017-12-07T11:02:22","guid":{"rendered":"http:\/\/www.muricionline.com.br\/novo\/?p=7487"},"modified":"2017-12-07T08:02:22","modified_gmt":"2017-12-07T11:02:22","slug":"municipio-de-sao-jose-da-laje-realiza-adesao-do-selo-unicef","status":"publish","type":"post","link":"http:\/\/www.muricionline.com.br\/novo\/?p=7487","title":{"rendered":"Munic\u00edpio de S\u00e3o Jos\u00e9 da Laje realiza ades\u00e3o do Selo Unicef"},"content":{"rendered":"<p>O munic\u00edpio de S\u00e3o Jose da Laje, realizou a ades\u00e3o do selo Unicef 2017\/2020, o selo certifica os munic\u00edpios que priorizam a garantia dos direitos das crian\u00e7as e adolescentes, atrav\u00e9s de pol\u00edticas p\u00fablicas nas \u00e1reas educacional sa\u00fade, social e prote\u00e7\u00e3o.<\/p>\n<p>&#8220;Avan\u00e7amos muito nos \u00faltimos anos, realizando&nbsp; e aprimorando a\u00e7\u00f5es em todas as \u00e1reas no que visa a prote\u00e7\u00e3o das nossas crian\u00e7as e adolescentes, o prefeito Rodrigo Valen\u00e7a tem pautado sua gest\u00e3o com fortes investimentos na educa\u00e7\u00e3o e na \u00e1rea social, fatores importantes para o desenvolvimento do munic\u00edpio no que abrange o direito de nossas crian\u00e7as, estou certo que vamos atingir todas as metas do Unicef e conquistar o selo, pois j\u00e1 estamos bem adiantados em muitas delas. A conquista do Selo s\u00f3 vai reafirmar o compromisso dessa gest\u00e3o com as crian\u00e7as, jovens e adolescentes.&#8221;&nbsp; Ressaltou o Coordenador Municipal de Juventude Thales Victor Moreira.&nbsp;<\/p>\n<p>Para J\u00e9ssica La\u00eds, presidente do CMDCA, o munic\u00edpio tem dado passos importantes no combate \u00e0 desigualdade, na garantia dos direitos das crian\u00e7as lajenses. \u201cTemos um conselho ativo, gestores compromissados com a causa, e estamos caminhando no rumo certo para atingir as metas e conquistar o certificado do selo UNICEF, dando a S\u00e3o Jose da Laje o protagonismo no cuidado e prote\u00e7\u00e3o as nossas crian\u00e7as e adolescentes, afirmou J\u00e9ssica.<\/p>\n<p>Por SECOM<\/p>\n<p>S\u00e3o Jos\u00e9 da Laje\/AL<\/p>\n<span style=\"clear:both;display:none;\"><img src=\"http:\/\/www.muricionline.com.br\/novo\/wp-content\/plugins\/wp-spamfree\/img\/wpsf-img.php\" width=\"0\" height=\"0\" alt=\"\" style=\"border-style:none;width:0px;height:0px;display:none;\" \/><\/span>","protected":false},"excerpt":{"rendered":"<p>O munic\u00edpio de S\u00e3o Jose da Laje, realizou a ades\u00e3o do selo Unicef 2017\/2020, o selo certifica os munic\u00edpios que priorizam a garantia dos direitos das crian\u00e7as e adolescentes, atrav\u00e9s de pol\u00edticas p\u00fablicas nas \u00e1reas educacional sa\u00fade, social e prote\u00e7\u00e3o. &#8220;Avan\u00e7amos muito nos \u00faltimos anos, realizando&nbsp; e aprimorando a\u00e7\u00f5es em todas as \u00e1reas no que&#8230;<\/p>\n","protected":false},"author":1,"featured_media":7489,"comment_status":"open","ping_status":"open","sticky":false,"template":"","format":"standard","meta":{"footnotes":""},"categories":[1],"tags":[5],"_links":{"self":[{"href":"http:\/\/www.muricionline.com.br\/novo\/index.php?rest_route=\/wp\/v2\/posts\/7487"}],"collection":[{"href":"http:\/\/www.muricionline.com.br\/novo\/index.php?rest_route=\/wp\/v2\/posts"}],"about":[{"href":"http:\/\/www.muricionline.com.br\/novo\/index.php?rest_route=\/wp\/v2\/types\/post"}],"author":[{"embeddable":true,"href":"http:\/\/www.muricionline.com.br\/novo\/index.php?rest_route=\/wp\/v2\/users\/1"}],"replies":[{"embeddable":true,"href":"http:\/\/www.muricionline.com.br\/novo\/index.php?rest_route=%2Fwp%2Fv2%2Fcomments&post=7487"}],"version-history":[{"count":1,"href":"http:\/\/www.muricionline.com.br\/novo\/index.php?rest_route=\/wp\/v2\/posts\/7487\/revisions"}],"predecessor-version":[{"id":7490,"href":"http:\/\/www.muricionline.com.br\/novo\/index.php?rest_route=\/wp\/v2\/posts\/7487\/revisions\/7490"}],"wp:featuredmedia":[{"embeddable":true,"href":"http:\/\/www.muricionline.com.br\/novo\/index.php?rest_route=\/wp\/v2\/media\/7489"}],"wp:attachment":[{"href":"http:\/\/www.muricionline.com.br\/novo\/index.php?rest_route=%2Fwp%2Fv2%2Fmedia&parent=7487"}],"wp:term":[{"taxonomy":"category","embeddable":true,"href":"http:\/\/www.muricionline.com.br\/novo\/index.php?rest_route=%2Fwp%2Fv2%2Fcategories&post=7487"},{"taxonomy":"post_tag","embeddable":true,"href":"http:\/\/www.muricionline.com.br\/novo\/index.php?rest_route=%2Fwp%2Fv2%2Ftags&post=7487"}],"curies":[{"name":"wp","href":"https:\/\/api.w.org\/{rel}","templated":true}]}}