{"id":8019,"date":"2018-02-28T14:56:29","date_gmt":"2018-02-28T17:56:29","guid":{"rendered":"http:\/\/www.muricionline.com.br\/novo\/?p=8019"},"modified":"2018-02-28T14:56:29","modified_gmt":"2018-02-28T17:56:29","slug":"prefeito-de-sao-jose-da-laje-e-atual-presidente-do-consorcio-anuncia-desapropriacao-para-construcao-de-transbordo","status":"publish","type":"post","link":"http:\/\/www.muricionline.com.br\/novo\/?p=8019","title":{"rendered":"Prefeito de S\u00e3o Jos\u00e9 da Laje e atual Presidente do Cons\u00f3rcio anuncia desapropria\u00e7\u00e3o para constru\u00e7\u00e3o de transbordo"},"content":{"rendered":"<p>Em recente decis\u00e3o da Justi\u00e7a Alagoana, atrav\u00e9s da Vara 1\u00ba Oficio de Coruripe,&nbsp;o Cons\u00f3rcio Regional de Res\u00edduos &nbsp;S\u00f3lidos &nbsp;da Zona da Mata de Alagoas, presidido pelo Prefeito de S\u00e3o Jos\u00e9 da Laje, Rodrigo Valen\u00e7a, obteve o deferimento para a desapropria\u00e7\u00e3o de uma \u00e1rea de 1,6132 Ha e 521,82m de per\u00edmetro, situada na propriedade Fazenda Laginha Agroindustrial Ltda, munic\u00edpio de Uni\u00e3o dos Palmares. O Decreto 01\/2017 que disp\u00f5e sobre a desapropria\u00e7\u00e3o da \u00e1rea foi publicado no Di\u00e1rio Oficial do estado em 09 de novembro de 2017.&nbsp;<\/p>\n<p>&nbsp;<\/p>\n<p>Nessa \u00e1rea ser\u00e1 constru\u00eddo o transbordo para o descarte correto dos res\u00edduos s\u00f3lidos atendendo os munic\u00edpios do Vale do Munda\u00fa, que s\u00e3o estes, Branquinha, Uni\u00e3o dos Palmares, Murici, S\u00e3o Jos\u00e9&nbsp;da Laje, Ibateguara&nbsp;e Santana do Munda\u00fa. Com a constru\u00e7\u00e3o do transbordo todos os&nbsp;munic\u00edpios&nbsp;do vale do munda\u00fa&nbsp;estar\u00e3o atendendo a Lei dos Res\u00edduos S\u00f3lidos e a determina\u00e7\u00e3o do IMA &#8211; Instituto do Meio Ambiente e do Minist\u00e9rio P\u00fablico Estadual, al\u00e9m de ficarem livres dos lix\u00f5es e das&nbsp;\u00e1reas degrad\u00e1veis, o que justifica a necessidade eminente da \u00e1rea e a necessidade imediata do in\u00edcio das obras.&nbsp;<\/p>\n<p>&nbsp;<\/p>\n<p>Na decis\u00e3o ficou determinado que a Fazenda Laginha atrav\u00e9s dos administradores judiciais ser\u00e1 indenizada em raz\u00e3o da desapropria\u00e7\u00e3o da \u00e1rea. Essa decis\u00e3o favor\u00e1vel foi um gigantesco passo para os munic\u00edpios citados, uma vit\u00f3ria importante parta o CORSZAM &#8211; Cons\u00f3rcio Regional de Res\u00edduos S\u00f3lidos da Zona da Mata Alagoana.&nbsp;\u201cFicamos muito felizes com o deferimento da decis\u00e3o, os munic\u00edpios do Vale do Munda\u00fa ser\u00e3o beneficiados com essa \u00e1rea de transbordo, o pr\u00f3ximo passo \u00e9 da inicio as obras o que faremos o quanto antes.\u201d disse o jovem prefeito de S\u00e3o Jos\u00e9 da Laje, Rodrigo Valen\u00e7a atual presidente do Cons\u00f3rcio P\u00fablico.<\/p>\n<p>&nbsp;<\/p>\n<p>Por Assessoria&nbsp;<\/p>\n<span style=\"clear:both;display:none;\"><img src=\"http:\/\/www.muricionline.com.br\/novo\/wp-content\/plugins\/wp-spamfree\/img\/wpsf-img.php\" width=\"0\" height=\"0\" alt=\"\" style=\"border-style:none;width:0px;height:0px;display:none;\" \/><\/span>","protected":false},"excerpt":{"rendered":"<p>Em recente decis\u00e3o da Justi\u00e7a Alagoana, atrav\u00e9s da Vara 1\u00ba Oficio de Coruripe,&nbsp;o Cons\u00f3rcio Regional de Res\u00edduos &nbsp;S\u00f3lidos &nbsp;da Zona da Mata de Alagoas, presidido pelo Prefeito de S\u00e3o Jos\u00e9 da Laje, Rodrigo Valen\u00e7a, obteve o deferimento para a desapropria\u00e7\u00e3o de uma \u00e1rea de 1,6132 Ha e 521,82m de per\u00edmetro, situada na propriedade Fazenda Laginha&#8230;<\/p>\n","protected":false},"author":1,"featured_media":8020,"comment_status":"open","ping_status":"open","sticky":false,"template":"","format":"standard","meta":{"footnotes":""},"categories":[1],"tags":[5],"_links":{"self":[{"href":"http:\/\/www.muricionline.com.br\/novo\/index.php?rest_route=\/wp\/v2\/posts\/8019"}],"collection":[{"href":"http:\/\/www.muricionline.com.br\/novo\/index.php?rest_route=\/wp\/v2\/posts"}],"about":[{"href":"http:\/\/www.muricionline.com.br\/novo\/index.php?rest_route=\/wp\/v2\/types\/post"}],"author":[{"embeddable":true,"href":"http:\/\/www.muricionline.com.br\/novo\/index.php?rest_route=\/wp\/v2\/users\/1"}],"replies":[{"embeddable":true,"href":"http:\/\/www.muricionline.com.br\/novo\/index.php?rest_route=%2Fwp%2Fv2%2Fcomments&post=8019"}],"version-history":[{"count":1,"href":"http:\/\/www.muricionline.com.br\/novo\/index.php?rest_route=\/wp\/v2\/posts\/8019\/revisions"}],"predecessor-version":[{"id":8021,"href":"http:\/\/www.muricionline.com.br\/novo\/index.php?rest_route=\/wp\/v2\/posts\/8019\/revisions\/8021"}],"wp:featuredmedia":[{"embeddable":true,"href":"http:\/\/www.muricionline.com.br\/novo\/index.php?rest_route=\/wp\/v2\/media\/8020"}],"wp:attachment":[{"href":"http:\/\/www.muricionline.com.br\/novo\/index.php?rest_route=%2Fwp%2Fv2%2Fmedia&parent=8019"}],"wp:term":[{"taxonomy":"category","embeddable":true,"href":"http:\/\/www.muricionline.com.br\/novo\/index.php?rest_route=%2Fwp%2Fv2%2Fcategories&post=8019"},{"taxonomy":"post_tag","embeddable":true,"href":"http:\/\/www.muricionline.com.br\/novo\/index.php?rest_route=%2Fwp%2Fv2%2Ftags&post=8019"}],"curies":[{"name":"wp","href":"https:\/\/api.w.org\/{rel}","templated":true}]}}