{"id":8032,"date":"2018-03-05T19:33:39","date_gmt":"2018-03-05T22:33:39","guid":{"rendered":"http:\/\/www.muricionline.com.br\/novo\/?p=8032"},"modified":"2018-03-05T19:33:39","modified_gmt":"2018-03-05T22:33:39","slug":"murici-cine-sesi-cultural-exibe-filmes-de-graca-neste-final-de-semana","status":"publish","type":"post","link":"http:\/\/www.muricionline.com.br\/novo\/?p=8032","title":{"rendered":"Murici: Cine Sesi Cultural exibe filmes de gra\u00e7a neste final de semana"},"content":{"rendered":"<p>Em sua 12\u00aa edi\u00e7\u00e3o, o Cine Sesi Cultural est\u00e1 em Alagoas para contemplar v\u00e1rias cidades do interior onde n\u00e3o possuem cinemas, com sess\u00f5es gratuitas. Neste fim de semana, de 09 a 11 de mar\u00e7o , o projeto estar\u00e1 na Pra\u00e7a Padre C\u00edcero, na cidade de&nbsp;Murici.<\/p>\n<p>&nbsp;<\/p>\n<p>Tr\u00eas filmes estar\u00e3o em exibi\u00e7\u00e3o: &#8220;O Menino no Espelho&#8221;, &#8220;O Filho Eterno&#8221; e &#8220;Zootopia&#8221;. As sess\u00f5es acontecem sempre \u00e0s 18h30.<\/p>\n<p><a href=\"http:\/\/www.muricionline.com.br\/novo\/wp-content\/uploads\/2018\/03\/IMG-20180303-WA0018.jpg\"><img loading=\"lazy\" decoding=\"async\" class=\"aligncenter size-full wp-image-8033\" src=\"http:\/\/www.muricionline.com.br\/novo\/wp-content\/uploads\/2018\/03\/IMG-20180303-WA0018.jpg\" alt=\"\" width=\"1004\" height=\"1280\" srcset=\"http:\/\/www.muricionline.com.br\/novo\/wp-content\/uploads\/2018\/03\/IMG-20180303-WA0018.jpg 1004w, http:\/\/www.muricionline.com.br\/novo\/wp-content\/uploads\/2018\/03\/IMG-20180303-WA0018-235x300.jpg 235w, http:\/\/www.muricionline.com.br\/novo\/wp-content\/uploads\/2018\/03\/IMG-20180303-WA0018-768x979.jpg 768w, http:\/\/www.muricionline.com.br\/novo\/wp-content\/uploads\/2018\/03\/IMG-20180303-WA0018-803x1024.jpg 803w\" sizes=\"(max-width: 1004px) 100vw, 1004px\" \/><\/a><\/p>\n<span style=\"clear:both;display:none;\"><img src=\"http:\/\/www.muricionline.com.br\/novo\/wp-content\/plugins\/wp-spamfree\/img\/wpsf-img.php\" width=\"0\" height=\"0\" alt=\"\" style=\"border-style:none;width:0px;height:0px;display:none;\" \/><\/span>","protected":false},"excerpt":{"rendered":"<p>Em sua 12\u00aa edi\u00e7\u00e3o, o Cine Sesi Cultural est\u00e1 em Alagoas para contemplar v\u00e1rias cidades do interior onde n\u00e3o possuem cinemas, com sess\u00f5es gratuitas. Neste fim de semana, de 09 a 11 de mar\u00e7o , o projeto estar\u00e1 na Pra\u00e7a Padre C\u00edcero, na cidade de&nbsp;Murici. &nbsp; Tr\u00eas filmes estar\u00e3o em exibi\u00e7\u00e3o: &#8220;O Menino no Espelho&#8221;,&#8230;<\/p>\n","protected":false},"author":1,"featured_media":8034,"comment_status":"open","ping_status":"open","sticky":false,"template":"","format":"standard","meta":{"footnotes":""},"categories":[1],"tags":[5],"_links":{"self":[{"href":"http:\/\/www.muricionline.com.br\/novo\/index.php?rest_route=\/wp\/v2\/posts\/8032"}],"collection":[{"href":"http:\/\/www.muricionline.com.br\/novo\/index.php?rest_route=\/wp\/v2\/posts"}],"about":[{"href":"http:\/\/www.muricionline.com.br\/novo\/index.php?rest_route=\/wp\/v2\/types\/post"}],"author":[{"embeddable":true,"href":"http:\/\/www.muricionline.com.br\/novo\/index.php?rest_route=\/wp\/v2\/users\/1"}],"replies":[{"embeddable":true,"href":"http:\/\/www.muricionline.com.br\/novo\/index.php?rest_route=%2Fwp%2Fv2%2Fcomments&post=8032"}],"version-history":[{"count":1,"href":"http:\/\/www.muricionline.com.br\/novo\/index.php?rest_route=\/wp\/v2\/posts\/8032\/revisions"}],"predecessor-version":[{"id":8035,"href":"http:\/\/www.muricionline.com.br\/novo\/index.php?rest_route=\/wp\/v2\/posts\/8032\/revisions\/8035"}],"wp:featuredmedia":[{"embeddable":true,"href":"http:\/\/www.muricionline.com.br\/novo\/index.php?rest_route=\/wp\/v2\/media\/8034"}],"wp:attachment":[{"href":"http:\/\/www.muricionline.com.br\/novo\/index.php?rest_route=%2Fwp%2Fv2%2Fmedia&parent=8032"}],"wp:term":[{"taxonomy":"category","embeddable":true,"href":"http:\/\/www.muricionline.com.br\/novo\/index.php?rest_route=%2Fwp%2Fv2%2Fcategories&post=8032"},{"taxonomy":"post_tag","embeddable":true,"href":"http:\/\/www.muricionline.com.br\/novo\/index.php?rest_route=%2Fwp%2Fv2%2Ftags&post=8032"}],"curies":[{"name":"wp","href":"https:\/\/api.w.org\/{rel}","templated":true}]}}