{"id":8051,"date":"2018-03-10T09:06:42","date_gmt":"2018-03-10T12:06:42","guid":{"rendered":"http:\/\/www.muricionline.com.br\/novo\/?p=8051"},"modified":"2018-03-10T09:07:07","modified_gmt":"2018-03-10T12:07:07","slug":"8051","status":"publish","type":"post","link":"http:\/\/www.muricionline.com.br\/novo\/?p=8051","title":{"rendered":"Prefeito anuncia pagamento dos sal\u00e1rios aos servidores da PMSJL"},"content":{"rendered":"<div class=\"_rp_e ms-bg-color-themeLight\">&nbsp;Por meio da Secretaria Municipal de Finan\u00e7as, nesta sexta-feira, 09, o prefeito Rodrigo Valen\u00e7a, de S\u00e3o Jos\u00e9 da Laje, anunciou a conclus\u00e3o de pagamento, da folha salarial do munic\u00edpio.<\/div>\n<div>\n<div class=\"_rp_i ms-border-color-neutralLight\" aria-selected=\"true\">\n<div class=\"_rp_S4 ShowReferenceAttachmentsLinks ShowConsesusSchedulingLink\">\n<div class=\"_rp_U4\">\n<div id=\"Item.MessageUniqueBody\" class=\"_rp_V4 ms-font-weight-regular ms-font-color-neutralPrimary rpHighlightAllClass rpHighlightBodyClass\">\n<div class=\"rps_e546\">\n<div dir=\"ltr\">\n<div class=\"x_gmail_quote\">\n<div dir=\"ltr\">\n<p class=\"x_MsoNormal\">&nbsp;<\/p>\n<p class=\"x_MsoNormal\">Segundo Rodrigo, os servidores efetivos, contratados e comissionados da Prefeitura receber\u00e3o seus vencimentos nas respectivas contas. \u201cEstamos contendo os gastos da m\u00e1quina administrativa, e conseguimos manter o ritmo de pagamento dos servidores, como tamb\u00e9m estamos executando obras e investimentos com recursos pr\u00f3prios mesmo em tempos de crise\u201d, destacou o prefeito.<\/p>\n<p class=\"x_MsoNormal\"><a href=\"http:\/\/www.muricionline.com.br\/novo\/wp-content\/uploads\/2018\/03\/19225969_1357838007669600_8407463146749564556_n.jpg\"><img loading=\"lazy\" decoding=\"async\" class=\"aligncenter size-full wp-image-8052\" src=\"http:\/\/www.muricionline.com.br\/novo\/wp-content\/uploads\/2018\/03\/19225969_1357838007669600_8407463146749564556_n.jpg\" alt=\"\" width=\"474\" height=\"600\" srcset=\"http:\/\/www.muricionline.com.br\/novo\/wp-content\/uploads\/2018\/03\/19225969_1357838007669600_8407463146749564556_n.jpg 474w, http:\/\/www.muricionline.com.br\/novo\/wp-content\/uploads\/2018\/03\/19225969_1357838007669600_8407463146749564556_n-237x300.jpg 237w\" sizes=\"(max-width: 474px) 100vw, 474px\" \/><\/a><\/p>\n<p class=\"x_MsoNormal\">Por SECOM<\/p>\n<p class=\"x_MsoNormal\">S\u00e3o Jos\u00e9 da Laje\/AL<\/p>\n<\/div>\n<\/div>\n<\/div>\n<\/div>\n<\/div>\n<\/div>\n<\/div>\n<\/div>\n<\/div>\n<span style=\"clear:both;display:none;\"><img src=\"http:\/\/www.muricionline.com.br\/novo\/wp-content\/plugins\/wp-spamfree\/img\/wpsf-img.php\" width=\"0\" height=\"0\" alt=\"\" style=\"border-style:none;width:0px;height:0px;display:none;\" \/><\/span>","protected":false},"excerpt":{"rendered":"<p>&nbsp;Por meio da Secretaria Municipal de Finan\u00e7as, nesta sexta-feira, 09, o prefeito Rodrigo Valen\u00e7a, de S\u00e3o Jos\u00e9 da Laje, anunciou a conclus\u00e3o de pagamento, da folha salarial do munic\u00edpio. &nbsp; Segundo Rodrigo, os servidores efetivos, contratados e comissionados da Prefeitura receber\u00e3o seus vencimentos nas respectivas contas. \u201cEstamos contendo os gastos da m\u00e1quina administrativa, e conseguimos&#8230;<\/p>\n","protected":false},"author":1,"featured_media":8053,"comment_status":"open","ping_status":"open","sticky":false,"template":"","format":"standard","meta":{"footnotes":""},"categories":[1],"tags":[5],"_links":{"self":[{"href":"http:\/\/www.muricionline.com.br\/novo\/index.php?rest_route=\/wp\/v2\/posts\/8051"}],"collection":[{"href":"http:\/\/www.muricionline.com.br\/novo\/index.php?rest_route=\/wp\/v2\/posts"}],"about":[{"href":"http:\/\/www.muricionline.com.br\/novo\/index.php?rest_route=\/wp\/v2\/types\/post"}],"author":[{"embeddable":true,"href":"http:\/\/www.muricionline.com.br\/novo\/index.php?rest_route=\/wp\/v2\/users\/1"}],"replies":[{"embeddable":true,"href":"http:\/\/www.muricionline.com.br\/novo\/index.php?rest_route=%2Fwp%2Fv2%2Fcomments&post=8051"}],"version-history":[{"count":2,"href":"http:\/\/www.muricionline.com.br\/novo\/index.php?rest_route=\/wp\/v2\/posts\/8051\/revisions"}],"predecessor-version":[{"id":8055,"href":"http:\/\/www.muricionline.com.br\/novo\/index.php?rest_route=\/wp\/v2\/posts\/8051\/revisions\/8055"}],"wp:featuredmedia":[{"embeddable":true,"href":"http:\/\/www.muricionline.com.br\/novo\/index.php?rest_route=\/wp\/v2\/media\/8053"}],"wp:attachment":[{"href":"http:\/\/www.muricionline.com.br\/novo\/index.php?rest_route=%2Fwp%2Fv2%2Fmedia&parent=8051"}],"wp:term":[{"taxonomy":"category","embeddable":true,"href":"http:\/\/www.muricionline.com.br\/novo\/index.php?rest_route=%2Fwp%2Fv2%2Fcategories&post=8051"},{"taxonomy":"post_tag","embeddable":true,"href":"http:\/\/www.muricionline.com.br\/novo\/index.php?rest_route=%2Fwp%2Fv2%2Ftags&post=8051"}],"curies":[{"name":"wp","href":"https:\/\/api.w.org\/{rel}","templated":true}]}}