{"id":8056,"date":"2018-03-10T09:20:27","date_gmt":"2018-03-10T12:20:27","guid":{"rendered":"http:\/\/www.muricionline.com.br\/novo\/?p=8056"},"modified":"2018-03-10T09:20:53","modified_gmt":"2018-03-10T12:20:53","slug":"governador-instala-camara-setorial-da-agroindustria-canavieira-de-alagoas","status":"publish","type":"post","link":"http:\/\/www.muricionline.com.br\/novo\/?p=8056","title":{"rendered":"Governador instala C\u00e2mara Setorial da Agroind\u00fastria Canavieira de Alagoas"},"content":{"rendered":"<p>Com o objetivo de orientar, discutir pol\u00edticas estrat\u00e9gicas e diretrizes relativas \u00e0 produ\u00e7\u00e3o, beneficiamento, industrializa\u00e7\u00e3o e comercializa\u00e7\u00e3o da cana e seus derivados, o governador Renan Filho instalou, na tarde desta sexta-feira (9), a C\u00e2mara Setorial da Agroind\u00fastria Canavieira do Estado de Alagoas.<\/p>\n<div class=\"itemBody\">\n<div class=\"itemFullText\">\n<p>&nbsp;<\/p>\n<p><img decoding=\"async\" class=\"jg_photo\" src=\"http:\/\/www.agenciaalagoas.al.gov.br\/component\/joomgallery\/image?view=image&amp;format=raw&amp;id=29119&amp;type=img\" alt=\"M\u00e1rcio Ferreira\"><\/p>\n<p>&nbsp;<\/p>\n<p>A solenidade foi realizada no Sal\u00e3o de Despachos do Pal\u00e1cio Rep\u00fablica dos Palmares e contou com a presen\u00e7a de secret\u00e1rios de Estado, diretores de \u00f3rg\u00e3os e representantes do setor sucroenerg\u00e9tico. Na ocasi\u00e3o, o governador anunciou a distribui\u00e7\u00e3o de adubo e a entrega de tratores aos pequenos produtores de cana do Estado.<\/p>\n<p>&nbsp;<\/p>\n<p>\u201cVamos ajudar o pequeno produtor com a mecaniza\u00e7\u00e3o; oferecer tratores e viabilizar a compra de adubo para que ele tenha condi\u00e7\u00f5es de, tamb\u00e9m, adubar a sua \u00e1rea plantada. Isso ajuda no incremento da produtividade, na rentabilidade no campo. \u00c9 importante que fa\u00e7amos isso para atravessarmos esse per\u00edodo de dificuldades, que foi ocasionado pelas fortes secas dos anos passados e pelo congelamento dos pre\u00e7os dos combust\u00edveis f\u00f3sseis\u201d, afirmou Renan Filho.<\/p>\n<p>&nbsp;<\/p>\n<p><img decoding=\"async\" class=\"jg_photo\" src=\"http:\/\/www.agenciaalagoas.al.gov.br\/component\/joomgallery\/image?view=image&amp;format=raw&amp;id=29113&amp;type=img\" alt=\"M\u00e1rcio Ferreira\"><\/p>\n<p>&nbsp;<\/p>\n<p>O presidente da Associa\u00e7\u00e3o dos Plantadores de Cana de Alagoas (Asplana), Edgar Filho, recordou que o setor sucroenerg\u00e9tico atravessa forte crise, afetado, sobretudo, pela seca. De acordo com ele, em 10 anos, a safra despencou de 27 milh\u00f5es de toneladas de cana colhidas para 16 milh\u00f5es. \u201cMas, com essa ajuda do Governo do Estado, com essas discuss\u00f5es, as linhas de cr\u00e9dito para os fornecedores, a distribui\u00e7\u00e3o de tratores e de adubos, com certeza esse canavial ser\u00e1 recuperado, at\u00e9 porque, o tempo tamb\u00e9m est\u00e1 ajudando\u201d, acredita Edgar Filho.<\/p>\n<p>&nbsp;<\/p>\n<p>Ele afirmou que a recupera\u00e7\u00e3o do canavial de Alagoas passa diretamente pelo fornecedor de cana-de-a\u00e7\u00facar. Segundo o presidente da Asplana, 90% deles s\u00e3o pequenos produtores, agora beneficiados com as medidas anunciadas pelo Governo do Estado.<\/p>\n<p>&nbsp;<\/p>\n<p><img decoding=\"async\" class=\"jg_photo\" src=\"http:\/\/www.agenciaalagoas.al.gov.br\/component\/joomgallery\/image?view=image&amp;format=raw&amp;id=29121&amp;type=img\" alt=\"M\u00e1rcio Ferreira\"><\/p>\n<p>&nbsp;<\/p>\n<p>\u201cA atitude do governador de criar a C\u00e2mara Setorial \u00e9 fant\u00e1stica; ele, que nunca abandonou o setor, sempre manteve di\u00e1logo conosco. E, com a instala\u00e7\u00e3o da C\u00e2mara Setorial, demonstra, oficialmente, o compromisso dele, principalmente com o fornecedor de cana, que na sua maioria \u00e9 pequeno agricultor. Isso vai nos ajudar a recuperar o canavial de Alagoas, dizimado pela seca\u201d, concluiu o presidente da Asplana.<\/p>\n<p>&nbsp;<\/p>\n<p>A C\u00e2mara Setorial \u00e9 composta por 18 entidades.<\/p>\n<p>&nbsp;<\/p>\n<p>Compareceram \u00e0 solenidade de instala\u00e7\u00e3o os secret\u00e1rios de Estado da Agricultura, Pecu\u00e1ria, Pesca e Aquicultura (Seagri), Ant\u00f4nio Santiago, e da Fazenda, George Santoro; o presidente da Federa\u00e7\u00e3o da Agricultura e Pecu\u00e1ria do Estado de Alagoas (Faeal), \u00c1lvaro Almeida;&nbsp; o representante do Sindicato da Ind\u00fastria do A\u00e7\u00facar e do \u00c1lcool do Estado de Alagoas (Sinda\u00e7\u00facar\/AL), Carlos Jos\u00e9 Monteiro; da Embrapa, Walane Melo; do Banco do Brasil, Rosangela Peroba; da Cooperativa Pindorama, Carlos Roberto dos Santos; do Minist\u00e9rio da Agricultura, Pecu\u00e1ria e Abastecimento, Alay Correia e Klinger Pimentel; da Universidade Federal de Alagoas (Ufal), Vera Dubeux e I\u00eado Teodoro; do Centro de Ci\u00eancias Agr\u00e1rias da Ufal, Jo\u00e3o Messias; do presidente da Copervales, T\u00falio Ten\u00f3rio; do diretor-presidente da Emater, Elizeu Rego; do superintendente da Companhia Nacional de Abastecimento (Conab), Lourival da Rosa; do presidente da Federa\u00e7\u00e3o dos Trabalhadores na Agricultura do Estado de Alagoas (Fetag), C\u00edcero Domingos, e do Sindicato dos Trabalhadores na Ind\u00fastria do A\u00e7\u00facar do Estado de Alagoas, Jackson Lima.<\/p>\n<p>&nbsp;<\/p>\n<\/div>\n<p>Com Ag\u00eancia Alagoas&nbsp;<\/p>\n<\/div>\n<span style=\"clear:both;display:none;\"><img src=\"http:\/\/www.muricionline.com.br\/novo\/wp-content\/plugins\/wp-spamfree\/img\/wpsf-img.php\" width=\"0\" height=\"0\" alt=\"\" style=\"border-style:none;width:0px;height:0px;display:none;\" \/><\/span>","protected":false},"excerpt":{"rendered":"<p>Com o objetivo de orientar, discutir pol\u00edticas estrat\u00e9gicas e diretrizes relativas \u00e0 produ\u00e7\u00e3o, beneficiamento, industrializa\u00e7\u00e3o e comercializa\u00e7\u00e3o da cana e seus derivados, o governador Renan Filho instalou, na tarde desta sexta-feira (9), a C\u00e2mara Setorial da Agroind\u00fastria Canavieira do Estado de Alagoas. &nbsp; &nbsp; A solenidade foi realizada no Sal\u00e3o de Despachos do Pal\u00e1cio Rep\u00fablica&#8230;<\/p>\n","protected":false},"author":1,"featured_media":8057,"comment_status":"open","ping_status":"open","sticky":false,"template":"","format":"standard","meta":{"footnotes":""},"categories":[1],"tags":[5],"_links":{"self":[{"href":"http:\/\/www.muricionline.com.br\/novo\/index.php?rest_route=\/wp\/v2\/posts\/8056"}],"collection":[{"href":"http:\/\/www.muricionline.com.br\/novo\/index.php?rest_route=\/wp\/v2\/posts"}],"about":[{"href":"http:\/\/www.muricionline.com.br\/novo\/index.php?rest_route=\/wp\/v2\/types\/post"}],"author":[{"embeddable":true,"href":"http:\/\/www.muricionline.com.br\/novo\/index.php?rest_route=\/wp\/v2\/users\/1"}],"replies":[{"embeddable":true,"href":"http:\/\/www.muricionline.com.br\/novo\/index.php?rest_route=%2Fwp%2Fv2%2Fcomments&post=8056"}],"version-history":[{"count":1,"href":"http:\/\/www.muricionline.com.br\/novo\/index.php?rest_route=\/wp\/v2\/posts\/8056\/revisions"}],"predecessor-version":[{"id":8058,"href":"http:\/\/www.muricionline.com.br\/novo\/index.php?rest_route=\/wp\/v2\/posts\/8056\/revisions\/8058"}],"wp:featuredmedia":[{"embeddable":true,"href":"http:\/\/www.muricionline.com.br\/novo\/index.php?rest_route=\/wp\/v2\/media\/8057"}],"wp:attachment":[{"href":"http:\/\/www.muricionline.com.br\/novo\/index.php?rest_route=%2Fwp%2Fv2%2Fmedia&parent=8056"}],"wp:term":[{"taxonomy":"category","embeddable":true,"href":"http:\/\/www.muricionline.com.br\/novo\/index.php?rest_route=%2Fwp%2Fv2%2Fcategories&post=8056"},{"taxonomy":"post_tag","embeddable":true,"href":"http:\/\/www.muricionline.com.br\/novo\/index.php?rest_route=%2Fwp%2Fv2%2Ftags&post=8056"}],"curies":[{"name":"wp","href":"https:\/\/api.w.org\/{rel}","templated":true}]}}