{"id":8062,"date":"2018-03-12T13:41:19","date_gmt":"2018-03-12T16:41:19","guid":{"rendered":"http:\/\/www.muricionline.com.br\/novo\/?p=8062"},"modified":"2018-03-12T13:41:19","modified_gmt":"2018-03-12T16:41:19","slug":"dia-d-do-governo-presente-chega-a-tres-municipios-do-sertao-nesta-terca-13","status":"publish","type":"post","link":"http:\/\/www.muricionline.com.br\/novo\/?p=8062","title":{"rendered":"Dia D do Governo Presente chega a \u00a0tr\u00eas munic\u00edpios do Sert\u00e3o nesta ter\u00e7a (13)"},"content":{"rendered":"<p>Desde 2015, o Dia D Governo Presente leva servi\u00e7os de cidadania, sa\u00fade e lazer para todas as regi\u00f5es do Estado. De acordo com t\u00e9cnicos do Gabinete Civil, \u00f3rg\u00e3o respons\u00e1vel pela a\u00e7\u00e3o, o intuito \u00e9 beneficiar mais de seis mil pessoas nessas tr\u00eas edi\u00e7\u00f5es.<\/p>\n<div class=\"itemBody\">\n<div class=\"itemFullText\">\n<p>&nbsp;<\/p>\n<p>O primeiro munic\u00edpio contemplado este ano ser\u00e1 Carneiros, que vai sediar a 26\u00aa edi\u00e7\u00e3o do evento nesta ter\u00e7a-feira (13). As a\u00e7\u00f5es acontecer\u00e3o em frente \u00e0 prefeitura. No dia 14, quarta-feira, ser\u00e1 a vez do munic\u00edpio de Senador Rui Palmeira durante a 27\u00aa edi\u00e7\u00e3o, que vai acontecer no espa\u00e7o Multieventos. E no dia 15 o governo estar\u00e1 em Minador do Negr\u00e3o, na Escola Municipal Nossa Senhora das Gra\u00e7as. As a\u00e7\u00f5es ter\u00e3o in\u00edcio sempre \u00e0s 8h30.<\/p>\n<p>&nbsp;<\/p>\n<p><strong>Servi\u00e7os<\/strong><\/p>\n<p>O Dia D possibilita, ainda, o acesso a servi\u00e7os importantes para a popula\u00e7\u00e3o que reside distante do centro e dos seus munic\u00edpios. S\u00e3o ofertados gratuitamente servi\u00e7os de emiss\u00e3o de 1\u00aa e 2\u00aa via da Carteira de Identidade, CPF, Carteira de Trabalho, Cart\u00e3o do Idoso, al\u00e9m de atendimento em sa\u00fade, gincana ambiental, atividades de lazer para as crian\u00e7as, entre outros.<\/p>\n<p>&nbsp;<\/p>\n<p><img decoding=\"async\" src=\"http:\/\/www.agenciaalagoas.al.gov.br\/images\/ABRADENHO26.jpg\" alt=\"\"><\/p>\n<p>&nbsp;<\/p>\n<p>Os tr\u00eas munic\u00edpios ir\u00e3o receber tamb\u00e9m a Arena Sa\u00fade. A Secretaria de Estado da Sa\u00fade (Sesau) vai ofertar servi\u00e7os na Tenda da Cidadania. O objetivo \u00e9 orientar a popula\u00e7\u00e3o do munic\u00edpio sobre os riscos da obesidade, possibilitar consultas m\u00e9dicas, al\u00e9m de repassar informa\u00e7\u00f5es sobre o controle do mosquito Aedes aegypti, vetor da chikungunya, do zika v\u00edrus e da dengue e orienta\u00e7\u00e3o de sa\u00fade bucal.<\/p>\n<p>&nbsp;<\/p>\n<p>Tamb\u00e9m ser\u00e3o ofertadas vacinas que constam no Calend\u00e1rio Nacional de Imuniza\u00e7\u00e3o e a popula\u00e7\u00e3o poder\u00e1 confeccionar o Cart\u00e3o SUS (hepatite B e Dt), atualiza\u00e7\u00e3o da carteira vacinal das crian\u00e7as, al\u00e9m de atendimentos de avalia\u00e7\u00e3o antropom\u00e9trica, aferi\u00e7\u00e3o de press\u00e3o, coleta de glicemia, testes r\u00e1pidos de Hepatite B e C, S\u00edfilis.<\/p>\n<p>&nbsp;<\/p>\n<p>Ser\u00e3o realizados ainda consultas m\u00e9dicas especializadas, como ortopedia e atendimentos de fonoaudiologia. Segundo a t\u00e9cnica respons\u00e1vel pela a\u00e7\u00e3o do Dia D da Sesau,&nbsp;<em>Svetlana Barros<\/em>, as prefeituras fizeram uma parceria com o Governo do Estado, por meio da&nbsp;<a href=\"https:\/\/www.uncisal.edu.br\/\">Uncisal&nbsp;&nbsp;(Universidade Estadual de Ci\u00eancias da Sa\u00fade de Alagoas<\/a>), e vai fazer consultas m\u00e9dicas especializadas, a uma demanda reprimida das popula\u00e7\u00f5es das cidades, em Macei\u00f3.<\/p>\n<p>&nbsp;<\/p>\n<p>\u201cAl\u00e9m de ortopedia e fono, ser\u00e3o atendidas demandas reprimidas com o laborat\u00f3rio de especialidades da Uncisal, em parceria com as prefeituras, que ir\u00e3o trazer os pacientes. As especialidades s\u00e3o: urologia, dermatologia, neurologia, cardiopatia, oftalmologia e otorrino,\u201d observou Svetlana.<\/p>\n<\/div>\n<\/div>\n<p>&nbsp;<\/p>\n<p>Com Ag\u00eancia Alagoas&nbsp;<\/p>\n<span style=\"clear:both;display:none;\"><img src=\"http:\/\/www.muricionline.com.br\/novo\/wp-content\/plugins\/wp-spamfree\/img\/wpsf-img.php\" width=\"0\" height=\"0\" alt=\"\" style=\"border-style:none;width:0px;height:0px;display:none;\" \/><\/span>","protected":false},"excerpt":{"rendered":"<p>Desde 2015, o Dia D Governo Presente leva servi\u00e7os de cidadania, sa\u00fade e lazer para todas as regi\u00f5es do Estado. De acordo com t\u00e9cnicos do Gabinete Civil, \u00f3rg\u00e3o respons\u00e1vel pela a\u00e7\u00e3o, o intuito \u00e9 beneficiar mais de seis mil pessoas nessas tr\u00eas edi\u00e7\u00f5es. &nbsp; O primeiro munic\u00edpio contemplado este ano ser\u00e1 Carneiros, que vai sediar&#8230;<\/p>\n","protected":false},"author":1,"featured_media":8063,"comment_status":"open","ping_status":"open","sticky":false,"template":"","format":"standard","meta":{"footnotes":""},"categories":[1],"tags":[5],"_links":{"self":[{"href":"http:\/\/www.muricionline.com.br\/novo\/index.php?rest_route=\/wp\/v2\/posts\/8062"}],"collection":[{"href":"http:\/\/www.muricionline.com.br\/novo\/index.php?rest_route=\/wp\/v2\/posts"}],"about":[{"href":"http:\/\/www.muricionline.com.br\/novo\/index.php?rest_route=\/wp\/v2\/types\/post"}],"author":[{"embeddable":true,"href":"http:\/\/www.muricionline.com.br\/novo\/index.php?rest_route=\/wp\/v2\/users\/1"}],"replies":[{"embeddable":true,"href":"http:\/\/www.muricionline.com.br\/novo\/index.php?rest_route=%2Fwp%2Fv2%2Fcomments&post=8062"}],"version-history":[{"count":1,"href":"http:\/\/www.muricionline.com.br\/novo\/index.php?rest_route=\/wp\/v2\/posts\/8062\/revisions"}],"predecessor-version":[{"id":8064,"href":"http:\/\/www.muricionline.com.br\/novo\/index.php?rest_route=\/wp\/v2\/posts\/8062\/revisions\/8064"}],"wp:featuredmedia":[{"embeddable":true,"href":"http:\/\/www.muricionline.com.br\/novo\/index.php?rest_route=\/wp\/v2\/media\/8063"}],"wp:attachment":[{"href":"http:\/\/www.muricionline.com.br\/novo\/index.php?rest_route=%2Fwp%2Fv2%2Fmedia&parent=8062"}],"wp:term":[{"taxonomy":"category","embeddable":true,"href":"http:\/\/www.muricionline.com.br\/novo\/index.php?rest_route=%2Fwp%2Fv2%2Fcategories&post=8062"},{"taxonomy":"post_tag","embeddable":true,"href":"http:\/\/www.muricionline.com.br\/novo\/index.php?rest_route=%2Fwp%2Fv2%2Ftags&post=8062"}],"curies":[{"name":"wp","href":"https:\/\/api.w.org\/{rel}","templated":true}]}}