{"id":8065,"date":"2018-03-12T20:04:03","date_gmt":"2018-03-12T23:04:03","guid":{"rendered":"http:\/\/www.muricionline.com.br\/novo\/?p=8065"},"modified":"2018-03-12T20:04:03","modified_gmt":"2018-03-12T23:04:03","slug":"secretaria-de-educacao-firma-parceria-com-seades-para-que-alunos-de-santana-do-mundau-possam-emitir-o-cpf","status":"publish","type":"post","link":"http:\/\/www.muricionline.com.br\/novo\/?p=8065","title":{"rendered":"Secretaria de Educa\u00e7\u00e3o firma parceria com SEADES para que alunos de Santana do Munda\u00fa possam emitir o CPF\u00a0"},"content":{"rendered":"<p>Em reuni\u00e3o com a&nbsp;secret\u00e1ria adjunta de Estado da Assist\u00eancia e Desenvolvimento Social, Morgana Tavares, a secret\u00e1ria de educa\u00e7\u00e3o de Santana do Munda\u00fa, Daniele M\u00e1rcia, firmou parceria&nbsp;para que em breve, os alunos possam emitir&nbsp;o Cadastro de Pessoas F\u00edsicas (CPF) diretamente nas escolas do munic\u00edpio.<\/p>\n<p>A secret\u00e1ria explica que ap\u00f3s a implanta\u00e7\u00e3o, o&nbsp;projeto ser\u00e1 permanente. &#8220;Procuramos firmar a parceria, principalmente,&nbsp;em virtude da necessidade da apresenta\u00e7\u00e3o desse documento na vida escolar, e em abertura de cadastro e inscri\u00e7\u00f5es, como a do Exame Nacional do Ensino M\u00e9dio (Enem). Detectamos&nbsp;que alguns alunos deixavam de prestar a prova por conta da falta do CPF, al\u00e9m disso,&nbsp;\u00e9 um documento necess\u00e1rio para participar de diversos programas sociais&#8221;, destaca Daniele.&nbsp;<\/p>\n<p>&nbsp;<\/p>\n<div id=\"Signature\">\n<div id=\"divtagdefaultwrapper\" dir=\"ltr\">\n<p>&nbsp;<\/p>\n<p><i><b>Com Assessoria de Comunica\u00e7\u00e3o<\/b><\/i><\/p>\n<\/div>\n<\/div>\n<span style=\"clear:both;display:none;\"><img src=\"http:\/\/www.muricionline.com.br\/novo\/wp-content\/plugins\/wp-spamfree\/img\/wpsf-img.php\" width=\"0\" height=\"0\" alt=\"\" style=\"border-style:none;width:0px;height:0px;display:none;\" \/><\/span>","protected":false},"excerpt":{"rendered":"<p>Em reuni\u00e3o com a&nbsp;secret\u00e1ria adjunta de Estado da Assist\u00eancia e Desenvolvimento Social, Morgana Tavares, a secret\u00e1ria de educa\u00e7\u00e3o de Santana do Munda\u00fa, Daniele M\u00e1rcia, firmou parceria&nbsp;para que em breve, os alunos possam emitir&nbsp;o Cadastro de Pessoas F\u00edsicas (CPF) diretamente nas escolas do munic\u00edpio. A secret\u00e1ria explica que ap\u00f3s a implanta\u00e7\u00e3o, o&nbsp;projeto ser\u00e1 permanente. &#8220;Procuramos firmar&#8230;<\/p>\n","protected":false},"author":1,"featured_media":8066,"comment_status":"open","ping_status":"open","sticky":false,"template":"","format":"standard","meta":{"footnotes":""},"categories":[1],"tags":[5],"_links":{"self":[{"href":"http:\/\/www.muricionline.com.br\/novo\/index.php?rest_route=\/wp\/v2\/posts\/8065"}],"collection":[{"href":"http:\/\/www.muricionline.com.br\/novo\/index.php?rest_route=\/wp\/v2\/posts"}],"about":[{"href":"http:\/\/www.muricionline.com.br\/novo\/index.php?rest_route=\/wp\/v2\/types\/post"}],"author":[{"embeddable":true,"href":"http:\/\/www.muricionline.com.br\/novo\/index.php?rest_route=\/wp\/v2\/users\/1"}],"replies":[{"embeddable":true,"href":"http:\/\/www.muricionline.com.br\/novo\/index.php?rest_route=%2Fwp%2Fv2%2Fcomments&post=8065"}],"version-history":[{"count":1,"href":"http:\/\/www.muricionline.com.br\/novo\/index.php?rest_route=\/wp\/v2\/posts\/8065\/revisions"}],"predecessor-version":[{"id":8067,"href":"http:\/\/www.muricionline.com.br\/novo\/index.php?rest_route=\/wp\/v2\/posts\/8065\/revisions\/8067"}],"wp:featuredmedia":[{"embeddable":true,"href":"http:\/\/www.muricionline.com.br\/novo\/index.php?rest_route=\/wp\/v2\/media\/8066"}],"wp:attachment":[{"href":"http:\/\/www.muricionline.com.br\/novo\/index.php?rest_route=%2Fwp%2Fv2%2Fmedia&parent=8065"}],"wp:term":[{"taxonomy":"category","embeddable":true,"href":"http:\/\/www.muricionline.com.br\/novo\/index.php?rest_route=%2Fwp%2Fv2%2Fcategories&post=8065"},{"taxonomy":"post_tag","embeddable":true,"href":"http:\/\/www.muricionline.com.br\/novo\/index.php?rest_route=%2Fwp%2Fv2%2Ftags&post=8065"}],"curies":[{"name":"wp","href":"https:\/\/api.w.org\/{rel}","templated":true}]}}