{"id":8072,"date":"2018-03-15T09:18:49","date_gmt":"2018-03-15T12:18:49","guid":{"rendered":"http:\/\/www.muricionline.com.br\/novo\/?p=8072"},"modified":"2018-03-15T09:18:49","modified_gmt":"2018-03-15T12:18:49","slug":"mulheres-muricienses-de-programas-sociais-participam-de-evento-em-comemoracao-ao-mes-da-mulher","status":"publish","type":"post","link":"http:\/\/www.muricionline.com.br\/novo\/?p=8072","title":{"rendered":"Mulheres muricienses de programas sociais participam de evento em comemora\u00e7\u00e3o ao M\u00eas da Mulher"},"content":{"rendered":"<p>A Prefeitura de Murici, por meio da Secretaria de Assist\u00eancia Social em parceria com a Secretaria de Estado da Mulher e dos Direitos Humanos (Semudh), promoveu nesta ter\u00e7a-feira, 13, v\u00e1rias a\u00e7\u00f5es voltadas \u00e0s mulheres dos grupos de M\u00e3es do Servi\u00e7o de Conviv\u00eancia, Grupo de Idosas e Gestantes da Primeira Inf\u00e2ncia do munic\u00edpio.<\/p>\n<p>Por meio de uma Unidade M\u00f3vel de Atendimento \u00e0 Mulher, as secretarias realizaram em conjunto atendimentos psicol\u00f3gicos, orienta\u00e7\u00f5es jur\u00eddicas e roda de conversa voltada a assuntos da mulher, al\u00e9m de servi\u00e7os de beleza como: escova\u00e7\u00e3o de cabelo e chapinha, pintura de unhas e maquiagem.<\/p>\n<p>Com a presen\u00e7a do Prefeito Olavo Neto, da Primeira-Dama do munic\u00edpio Ana Z\u00e9lia e das Secret\u00e1rias Soraya Arag\u00e3o Calheiros (Assist\u00eancia Social de Murici) e Cl\u00e1udia Sim\u00f5es (Semudh), o evento foi de extrema import\u00e2ncia para garantir que as a\u00e7\u00f5es voltadas \u00e0s mulheres muricienses sejam sempre frequentes com o objetivo de valoriza\u00e7\u00e3o, respeito e empoderamento.<\/p>\n<p>Na oportunidade, as muricienses ainda assistiram \u00e0 palestra da Secret\u00e1ria com os temas \u201cViol\u00eancia Contra a Mulher\u201d e \u201cIgualdade de G\u00eanero\u201d. Um momento de muito valor e import\u00e2ncia \u00e0s discuss\u00f5es atuais.<\/p>\n<p>A Secretaria Municipal de Assist\u00eancia Social continua com programas e projetos voltados \u00e0 mulher muriciense durante o ano inteiro com a\u00e7\u00f5es, reuni\u00f5es, palestras, informa\u00e7\u00f5es e apoio.&nbsp;<\/p>\n<p>&nbsp;<\/p>\n<p><span class=\"legenda\">&nbsp;Por<\/span><span class=\"source\">&nbsp;ASCOM<\/span><\/p>\n<p><a href=\"http:\/\/www.muricionline.com.br\/novo\/wp-content\/uploads\/2018\/03\/mm2.jpg\"><img loading=\"lazy\" decoding=\"async\" class=\"aligncenter size-full wp-image-8073\" src=\"http:\/\/www.muricionline.com.br\/novo\/wp-content\/uploads\/2018\/03\/mm2.jpg\" alt=\"\" width=\"840\" height=\"552\" srcset=\"http:\/\/www.muricionline.com.br\/novo\/wp-content\/uploads\/2018\/03\/mm2.jpg 840w, http:\/\/www.muricionline.com.br\/novo\/wp-content\/uploads\/2018\/03\/mm2-300x197.jpg 300w, http:\/\/www.muricionline.com.br\/novo\/wp-content\/uploads\/2018\/03\/mm2-768x505.jpg 768w\" sizes=\"(max-width: 840px) 100vw, 840px\" \/><\/a><\/p>\n<span style=\"clear:both;display:none;\"><img src=\"http:\/\/www.muricionline.com.br\/novo\/wp-content\/plugins\/wp-spamfree\/img\/wpsf-img.php\" width=\"0\" height=\"0\" alt=\"\" style=\"border-style:none;width:0px;height:0px;display:none;\" \/><\/span>","protected":false},"excerpt":{"rendered":"<p>A Prefeitura de Murici, por meio da Secretaria de Assist\u00eancia Social em parceria com a Secretaria de Estado da Mulher e dos Direitos Humanos (Semudh), promoveu nesta ter\u00e7a-feira, 13, v\u00e1rias a\u00e7\u00f5es voltadas \u00e0s mulheres dos grupos de M\u00e3es do Servi\u00e7o de Conviv\u00eancia, Grupo de Idosas e Gestantes da Primeira Inf\u00e2ncia do munic\u00edpio. Por meio de&#8230;<\/p>\n","protected":false},"author":1,"featured_media":8074,"comment_status":"open","ping_status":"open","sticky":false,"template":"","format":"standard","meta":{"footnotes":""},"categories":[1],"tags":[5],"_links":{"self":[{"href":"http:\/\/www.muricionline.com.br\/novo\/index.php?rest_route=\/wp\/v2\/posts\/8072"}],"collection":[{"href":"http:\/\/www.muricionline.com.br\/novo\/index.php?rest_route=\/wp\/v2\/posts"}],"about":[{"href":"http:\/\/www.muricionline.com.br\/novo\/index.php?rest_route=\/wp\/v2\/types\/post"}],"author":[{"embeddable":true,"href":"http:\/\/www.muricionline.com.br\/novo\/index.php?rest_route=\/wp\/v2\/users\/1"}],"replies":[{"embeddable":true,"href":"http:\/\/www.muricionline.com.br\/novo\/index.php?rest_route=%2Fwp%2Fv2%2Fcomments&post=8072"}],"version-history":[{"count":1,"href":"http:\/\/www.muricionline.com.br\/novo\/index.php?rest_route=\/wp\/v2\/posts\/8072\/revisions"}],"predecessor-version":[{"id":8075,"href":"http:\/\/www.muricionline.com.br\/novo\/index.php?rest_route=\/wp\/v2\/posts\/8072\/revisions\/8075"}],"wp:featuredmedia":[{"embeddable":true,"href":"http:\/\/www.muricionline.com.br\/novo\/index.php?rest_route=\/wp\/v2\/media\/8074"}],"wp:attachment":[{"href":"http:\/\/www.muricionline.com.br\/novo\/index.php?rest_route=%2Fwp%2Fv2%2Fmedia&parent=8072"}],"wp:term":[{"taxonomy":"category","embeddable":true,"href":"http:\/\/www.muricionline.com.br\/novo\/index.php?rest_route=%2Fwp%2Fv2%2Fcategories&post=8072"},{"taxonomy":"post_tag","embeddable":true,"href":"http:\/\/www.muricionline.com.br\/novo\/index.php?rest_route=%2Fwp%2Fv2%2Ftags&post=8072"}],"curies":[{"name":"wp","href":"https:\/\/api.w.org\/{rel}","templated":true}]}}