{"id":8079,"date":"2018-03-15T09:40:33","date_gmt":"2018-03-15T12:40:33","guid":{"rendered":"http:\/\/www.muricionline.com.br\/novo\/?p=8079"},"modified":"2018-03-15T09:41:12","modified_gmt":"2018-03-15T12:41:12","slug":"populacao-prestigia-mais-uma-edicao-de-sucesso-do-cine-sesi-cultural-em-murici","status":"publish","type":"post","link":"http:\/\/www.muricionline.com.br\/novo\/?p=8079","title":{"rendered":"Popula\u00e7\u00e3o prestigia mais uma edi\u00e7\u00e3o de sucesso do Cine Sesi Cultural em Murici"},"content":{"rendered":"<p>No \u00faltimo final de semana, cerca de 5.000 muricienses participaram de mais uma edi\u00e7\u00e3o do Projeto Cine Sesi Cultural na cidade. A iniciativa, que teve o apoio da Prefeitura de Murici, levou cinema de gra\u00e7a com sess\u00f5es ao ar livre, na Pra\u00e7a Padre C\u00edcero, entre os dias 9 e 11 de mar\u00e7o.<\/p>\n<p>O Cine Sesi Cultural \u00e9 um dos mais importantes projetos culturais do pa\u00eds que acontece h\u00e1 17 anos e j\u00e1 passou por mais de 700 cidades do interior do Brasil. A iniciativa do Servi\u00e7o Social da Ind\u00fastria (SESI) traz filmes em sess\u00f5es p\u00fablicas &#8211; geralmente em pra\u00e7as e teatros ao ar livre &#8211; para a popula\u00e7\u00e3o do interior, com uma programa\u00e7\u00e3o diversificada, divers\u00e3o e muita pipoca.<\/p>\n<p>&#8220;Toda vez eu trago a fam\u00edlia inteira para pra\u00e7a quando tem filme, \u00e9 uma coisa diferente e a gente gosta muito. Espero que venham mais vezes&#8221;, conta a aposentada Dalva Maria.&nbsp;<\/p>\n<p>Nesta edi\u00e7\u00e3o, os muricienses puderam ver os filmes: &#8220;O Menino no Espelho&#8221;, &#8220;O Filho Eterno&#8221; e &#8220;Zootopia&#8221;, para a crian\u00e7ada e fam\u00edlia. A parceria da Prefeitura de Murici com o SESI continua firme e espera novas edi\u00e7\u00f5es em breve.<\/p>\n<p>&nbsp;<\/p>\n<p>Com Ascom<\/p>\n<span style=\"clear:both;display:none;\"><img src=\"http:\/\/www.muricionline.com.br\/novo\/wp-content\/plugins\/wp-spamfree\/img\/wpsf-img.php\" width=\"0\" height=\"0\" alt=\"\" style=\"border-style:none;width:0px;height:0px;display:none;\" \/><\/span>","protected":false},"excerpt":{"rendered":"<p>No \u00faltimo final de semana, cerca de 5.000 muricienses participaram de mais uma edi\u00e7\u00e3o do Projeto Cine Sesi Cultural na cidade. A iniciativa, que teve o apoio da Prefeitura de Murici, levou cinema de gra\u00e7a com sess\u00f5es ao ar livre, na Pra\u00e7a Padre C\u00edcero, entre os dias 9 e 11 de mar\u00e7o. O Cine Sesi&#8230;<\/p>\n","protected":false},"author":1,"featured_media":8080,"comment_status":"open","ping_status":"open","sticky":false,"template":"","format":"standard","meta":{"footnotes":""},"categories":[7,1],"tags":[5],"_links":{"self":[{"href":"http:\/\/www.muricionline.com.br\/novo\/index.php?rest_route=\/wp\/v2\/posts\/8079"}],"collection":[{"href":"http:\/\/www.muricionline.com.br\/novo\/index.php?rest_route=\/wp\/v2\/posts"}],"about":[{"href":"http:\/\/www.muricionline.com.br\/novo\/index.php?rest_route=\/wp\/v2\/types\/post"}],"author":[{"embeddable":true,"href":"http:\/\/www.muricionline.com.br\/novo\/index.php?rest_route=\/wp\/v2\/users\/1"}],"replies":[{"embeddable":true,"href":"http:\/\/www.muricionline.com.br\/novo\/index.php?rest_route=%2Fwp%2Fv2%2Fcomments&post=8079"}],"version-history":[{"count":1,"href":"http:\/\/www.muricionline.com.br\/novo\/index.php?rest_route=\/wp\/v2\/posts\/8079\/revisions"}],"predecessor-version":[{"id":8081,"href":"http:\/\/www.muricionline.com.br\/novo\/index.php?rest_route=\/wp\/v2\/posts\/8079\/revisions\/8081"}],"wp:featuredmedia":[{"embeddable":true,"href":"http:\/\/www.muricionline.com.br\/novo\/index.php?rest_route=\/wp\/v2\/media\/8080"}],"wp:attachment":[{"href":"http:\/\/www.muricionline.com.br\/novo\/index.php?rest_route=%2Fwp%2Fv2%2Fmedia&parent=8079"}],"wp:term":[{"taxonomy":"category","embeddable":true,"href":"http:\/\/www.muricionline.com.br\/novo\/index.php?rest_route=%2Fwp%2Fv2%2Fcategories&post=8079"},{"taxonomy":"post_tag","embeddable":true,"href":"http:\/\/www.muricionline.com.br\/novo\/index.php?rest_route=%2Fwp%2Fv2%2Ftags&post=8079"}],"curies":[{"name":"wp","href":"https:\/\/api.w.org\/{rel}","templated":true}]}}