{"id":8082,"date":"2018-03-15T10:53:35","date_gmt":"2018-03-15T13:53:35","guid":{"rendered":"http:\/\/www.muricionline.com.br\/novo\/?p=8082"},"modified":"2018-03-15T10:53:35","modified_gmt":"2018-03-15T13:53:35","slug":"rodrigo-valenca-confirma-candidatura-para-deputado-federal","status":"publish","type":"post","link":"http:\/\/www.muricionline.com.br\/novo\/?p=8082","title":{"rendered":"Rodrigo Valen\u00e7a confirma candidatura para Deputado Federal"},"content":{"rendered":"<p>No mesmo dia em que o prefeito de Macei\u00f3 anunciou que n\u00e3o vai disputar a elei\u00e7\u00e3o deste ano, o prefeito de Traipu, Eduardo Tavares, que quase disputou o governo em 2014 pelo mesmo PSDB de Rui Palmeira, confirmo que vai se desincompatibilizar no dia 7 de abril para concorrer \u00e1s elei\u00e7\u00f5es deste ano.<\/p>\n<p>ET deve disputar mandato de deputado federal e j\u00e1 avisou que vai se filiar ao PRTB, de Adeilson Bezerra. O partido monta uma coliga\u00e7\u00e3o que ter\u00e1, entre outros refor\u00e7os, nomes Emmanuel Fortes, Val Am\u00e9lio, Vereador Jo\u00e3o Lucas de Penedo, Doge do Queijo, Pastor Luiz Carlos e Felipe Holanda.<\/p>\n<p>N\u00e3o \u00e9 s\u00f3. Nesta quarta-feira, 14, prefeito de S\u00e3o Jos\u00e9 da Laje tamb\u00e9m confirmou que vai se desincompatibilizar para disputar vaga de deputado federal pelo PRTB. Rodrigo Valen\u00e7a, o Rodrigo de Neno, comunicou a decis\u00e3o pelas redes sociais.<\/p>\n<p>\u201cEstou filiado ao PRTB. Engajando-me ao m\u00e1ximo para deixar tudo organizado at\u00e9 o dia 7 de abril e me afastar da prefeitura para encarar um dos maiores desafios da minha vida pol\u00edtica: ser candidato a deputado federal!\u201d, registrou Rodrigo.<\/p>\n<p>Tem mais. O PRTB tamb\u00e9m espera, para os pr\u00f3ximos dias, a confirma\u00e7\u00e3o de outro importante refor\u00e7o. O prefeito de Messias, Jarbinhas Omena (PSDB) tamb\u00e9m deve deixar a prefeitura para disputar vaga de federal na mesma coliga\u00e7\u00e3o.<\/p>\n<p>\u201cCom esses refor\u00e7os, consolidamos nossa chapa de federal. Mas ainda estamos trabalhando para refor\u00e7ar esse time. Hoje eu e o nosso presidente nacional, Levy Fidelix, conversamos com a deputada Rosinha da Adefal . Ela est\u00e1 filiada ao Avante, mas ap\u00f3s a filia\u00e7\u00e3o de Carimb\u00e3o avalia a possibilidade de trocar de partido. As conversas est\u00e3o bem avan\u00e7adas\u201d, aponta Adeilson Bezerra.<\/p>\n<p>&nbsp;<\/p>\n<p><strong>Veja o comunicado de Rodrigo Valen\u00e7a no Facebook<\/strong><\/p>\n<p>\u201cQuero agradecer a todos voc\u00eas por lembrarem do meu nome nesta nova pesquisa que abrange toda regi\u00e3o da zona da mata, v\u00e1rias cidades onde apare\u00e7o entre deputados federais com mandato e at\u00e9 do Ex- Governador Ronaldo Lessa.<\/p>\n<p>Uma grande honra ser lembrado por voc\u00eas em diversas cidades de Alagoas.<\/p>\n<p>Estou filiado ao PRTB. Engajando-me ao m\u00e1ximo para deixar tudo organizado at\u00e9 o dia 7 de abril e me afastar da prefeitura para encarar um dos maiores desafios da minha vida pol\u00edtica: ser candidato a deputado federal!<\/p>\n<p>Obrigado pelo apoio de todos e vamos \u00e0 luta com f\u00e9 em Deus\u201d.<\/p>\n<p>Leia aqui, na \u00edntegra:&nbsp;<a href=\"https:\/\/www.facebook.com\/rodrigovalencaprefeito\/posts\/1627846240668774\">https:\/\/www.facebook.com\/rodrigovalencaprefeito\/posts\/1627846240668774<\/a><\/p>\n<p><a href=\"https:\/\/i0.wp.com\/edivaldojunior.blogsdagazetaweb.com\/wp-content\/uploads\/sites\/12\/2018\/03\/rodrigo-valen%C3%A7a.jpg\"><img decoding=\"async\" src=\"https:\/\/i0.wp.com\/edivaldojunior.blogsdagazetaweb.com\/wp-content\/uploads\/sites\/12\/2018\/03\/rodrigo-valen%C3%A7a.jpg?resize=300%2C173\" alt=\"\"><\/a><\/p>\n<span style=\"clear:both;display:none;\"><img src=\"http:\/\/www.muricionline.com.br\/novo\/wp-content\/plugins\/wp-spamfree\/img\/wpsf-img.php\" width=\"0\" height=\"0\" alt=\"\" style=\"border-style:none;width:0px;height:0px;display:none;\" \/><\/span>","protected":false},"excerpt":{"rendered":"<p>No mesmo dia em que o prefeito de Macei\u00f3 anunciou que n\u00e3o vai disputar a elei\u00e7\u00e3o deste ano, o prefeito de Traipu, Eduardo Tavares, que quase disputou o governo em 2014 pelo mesmo PSDB de Rui Palmeira, confirmo que vai se desincompatibilizar no dia 7 de abril para concorrer \u00e1s elei\u00e7\u00f5es deste ano. ET deve&#8230;<\/p>\n","protected":false},"author":1,"featured_media":8083,"comment_status":"open","ping_status":"open","sticky":false,"template":"","format":"standard","meta":{"footnotes":""},"categories":[1],"tags":[5],"_links":{"self":[{"href":"http:\/\/www.muricionline.com.br\/novo\/index.php?rest_route=\/wp\/v2\/posts\/8082"}],"collection":[{"href":"http:\/\/www.muricionline.com.br\/novo\/index.php?rest_route=\/wp\/v2\/posts"}],"about":[{"href":"http:\/\/www.muricionline.com.br\/novo\/index.php?rest_route=\/wp\/v2\/types\/post"}],"author":[{"embeddable":true,"href":"http:\/\/www.muricionline.com.br\/novo\/index.php?rest_route=\/wp\/v2\/users\/1"}],"replies":[{"embeddable":true,"href":"http:\/\/www.muricionline.com.br\/novo\/index.php?rest_route=%2Fwp%2Fv2%2Fcomments&post=8082"}],"version-history":[{"count":1,"href":"http:\/\/www.muricionline.com.br\/novo\/index.php?rest_route=\/wp\/v2\/posts\/8082\/revisions"}],"predecessor-version":[{"id":8084,"href":"http:\/\/www.muricionline.com.br\/novo\/index.php?rest_route=\/wp\/v2\/posts\/8082\/revisions\/8084"}],"wp:featuredmedia":[{"embeddable":true,"href":"http:\/\/www.muricionline.com.br\/novo\/index.php?rest_route=\/wp\/v2\/media\/8083"}],"wp:attachment":[{"href":"http:\/\/www.muricionline.com.br\/novo\/index.php?rest_route=%2Fwp%2Fv2%2Fmedia&parent=8082"}],"wp:term":[{"taxonomy":"category","embeddable":true,"href":"http:\/\/www.muricionline.com.br\/novo\/index.php?rest_route=%2Fwp%2Fv2%2Fcategories&post=8082"},{"taxonomy":"post_tag","embeddable":true,"href":"http:\/\/www.muricionline.com.br\/novo\/index.php?rest_route=%2Fwp%2Fv2%2Ftags&post=8082"}],"curies":[{"name":"wp","href":"https:\/\/api.w.org\/{rel}","templated":true}]}}