{"id":8358,"date":"2018-04-20T20:19:20","date_gmt":"2018-04-20T23:19:20","guid":{"rendered":"http:\/\/www.muricionline.com.br\/novo\/?p=8358"},"modified":"2018-04-20T20:19:57","modified_gmt":"2018-04-20T23:19:57","slug":"edson-ferreira-relaciona-18-jogadores-para-estreia-do-murici-na-serie-d-do-braisleirao-2018","status":"publish","type":"post","link":"http:\/\/www.muricionline.com.br\/novo\/?p=8358","title":{"rendered":"Edson Ferreira relaciona 18 jogadores para estreia do Murici na S\u00e9rie D do Brasileir\u00e3o 2018"},"content":{"rendered":"<p>A delega\u00e7\u00e3o do Murici j\u00e1 est\u00e1 a caminho do Sert\u00e3o de Pernambuco, onde enfrenta neste domingo, 22, o Flamengo de Arcoverde&nbsp; pela primeira fase do Campeonato Brasileiro 2018. A partida acontece \u00e0s 16h, no est\u00e1dio \u00c1ureo Bradley, em Arcoverde.<\/p>\n<p dir=\"ltr\">Para o confronto&nbsp; contra o time pernambucano, o t\u00e9cnico Edson Ferreira relacionou 18 atletas.<\/p>\n<p dir=\"ltr\">&nbsp;<\/p>\n<p dir=\"ltr\"><strong>Confira a lista:<\/strong><\/p>\n<p dir=\"ltr\">&nbsp;<\/p>\n<p dir=\"ltr\"><strong>Goleiros:<\/strong> Dias e Leo<\/p>\n<p dir=\"ltr\"><strong>Laterais:<\/strong> Joaninha, L\u00e9o e Careca<\/p>\n<p dir=\"ltr\"><strong>Zagueiros:&nbsp;<\/strong> Sinval, Nicolas, Pedro Lucas<\/p>\n<p dir=\"ltr\"><strong>Volantes:&nbsp;<\/strong> Gueba, Vinicius e S\u00e1vio<\/p>\n<p dir=\"ltr\"><strong>Meias:<\/strong> Marcelinho, Tonton, Willian, Michael<\/p>\n<p dir=\"ltr\"><strong>Atacantes:<\/strong> Fabinho, Zinho, Neguinho Para\u00edba<\/p>\n<p dir=\"ltr\">&nbsp;<\/p>\n<p dir=\"ltr\">Ascom \/ MuriciFC<\/p>\n<p dir=\"ltr\">&nbsp;<\/p>\n<span style=\"clear:both;display:none;\"><img src=\"http:\/\/www.muricionline.com.br\/novo\/wp-content\/plugins\/wp-spamfree\/img\/wpsf-img.php\" width=\"0\" height=\"0\" alt=\"\" style=\"border-style:none;width:0px;height:0px;display:none;\" \/><\/span>","protected":false},"excerpt":{"rendered":"<p>A delega\u00e7\u00e3o do Murici j\u00e1 est\u00e1 a caminho do Sert\u00e3o de Pernambuco, onde enfrenta neste domingo, 22, o Flamengo de Arcoverde&nbsp; pela primeira fase do Campeonato Brasileiro 2018. A partida acontece \u00e0s 16h, no est\u00e1dio \u00c1ureo Bradley, em Arcoverde. Para o confronto&nbsp; contra o time pernambucano, o t\u00e9cnico Edson Ferreira relacionou 18 atletas. &nbsp; Confira&#8230;<\/p>\n","protected":false},"author":1,"featured_media":8359,"comment_status":"open","ping_status":"open","sticky":false,"template":"","format":"standard","meta":{"footnotes":""},"categories":[9],"tags":[5],"_links":{"self":[{"href":"http:\/\/www.muricionline.com.br\/novo\/index.php?rest_route=\/wp\/v2\/posts\/8358"}],"collection":[{"href":"http:\/\/www.muricionline.com.br\/novo\/index.php?rest_route=\/wp\/v2\/posts"}],"about":[{"href":"http:\/\/www.muricionline.com.br\/novo\/index.php?rest_route=\/wp\/v2\/types\/post"}],"author":[{"embeddable":true,"href":"http:\/\/www.muricionline.com.br\/novo\/index.php?rest_route=\/wp\/v2\/users\/1"}],"replies":[{"embeddable":true,"href":"http:\/\/www.muricionline.com.br\/novo\/index.php?rest_route=%2Fwp%2Fv2%2Fcomments&post=8358"}],"version-history":[{"count":2,"href":"http:\/\/www.muricionline.com.br\/novo\/index.php?rest_route=\/wp\/v2\/posts\/8358\/revisions"}],"predecessor-version":[{"id":8361,"href":"http:\/\/www.muricionline.com.br\/novo\/index.php?rest_route=\/wp\/v2\/posts\/8358\/revisions\/8361"}],"wp:featuredmedia":[{"embeddable":true,"href":"http:\/\/www.muricionline.com.br\/novo\/index.php?rest_route=\/wp\/v2\/media\/8359"}],"wp:attachment":[{"href":"http:\/\/www.muricionline.com.br\/novo\/index.php?rest_route=%2Fwp%2Fv2%2Fmedia&parent=8358"}],"wp:term":[{"taxonomy":"category","embeddable":true,"href":"http:\/\/www.muricionline.com.br\/novo\/index.php?rest_route=%2Fwp%2Fv2%2Fcategories&post=8358"},{"taxonomy":"post_tag","embeddable":true,"href":"http:\/\/www.muricionline.com.br\/novo\/index.php?rest_route=%2Fwp%2Fv2%2Ftags&post=8358"}],"curies":[{"name":"wp","href":"https:\/\/api.w.org\/{rel}","templated":true}]}}