{"id":8370,"date":"2018-04-21T15:11:44","date_gmt":"2018-04-21T18:11:44","guid":{"rendered":"http:\/\/www.muricionline.com.br\/novo\/?p=8370"},"modified":"2018-04-21T15:11:48","modified_gmt":"2018-04-21T18:11:48","slug":"murici-chega-a-arcoverde-e-faz-reconhecimento-do-gramado-do-aureo-bradley","status":"publish","type":"post","link":"http:\/\/www.muricionline.com.br\/novo\/?p=8370","title":{"rendered":"Murici chega a Arcoverde e faz reconhecimento do gramado do \u00c1ureo Bradley"},"content":{"rendered":"<p>O Murici realizou na manh\u00e3 deste s\u00e1bado (21), um treino recreativo que serviu de reconhecimento do gramado do est\u00e1dio \u00c1ureo Bradley, palco do jogo deste domingo, contra o Flamengo de Arcoverde, v\u00e1lido pela estr\u00e9ia do Verd\u00e3o na S\u00e9rie D do Campeonato Brasileiro 2018.<\/p>\n<p>O elenco do VERD\u00c3O da zona da mata alagoana ficou por duas horas no local do jogo e no final o t\u00e9cnico Edson Ferreira, que comanda o Murici pela terceira vez, optou por n\u00e3o divulgar o time que come\u00e7ar\u00e1 a partida contra o &#8220;Tigre Sertanejo&#8221;.<\/p>\n<p>Flamengo e Murici se enfrentam neste domingo (22), \u00e0s 16h, no Est\u00e1dio Municipal \u00c1ureo Howard Bradley, em Arcoverde, no estado de Pernambuco.<\/p>\n<p><a href=\"http:\/\/www.muricionline.com.br\/novo\/wp-content\/uploads\/2018\/04\/20180421_145603.jpg\"><img loading=\"lazy\" decoding=\"async\" class=\"aligncenter size-full wp-image-8372\" src=\"http:\/\/www.muricionline.com.br\/novo\/wp-content\/uploads\/2018\/04\/20180421_145603.jpg\" alt=\"\" width=\"1080\" height=\"870\" srcset=\"http:\/\/www.muricionline.com.br\/novo\/wp-content\/uploads\/2018\/04\/20180421_145603.jpg 1080w, http:\/\/www.muricionline.com.br\/novo\/wp-content\/uploads\/2018\/04\/20180421_145603-300x242.jpg 300w, http:\/\/www.muricionline.com.br\/novo\/wp-content\/uploads\/2018\/04\/20180421_145603-768x619.jpg 768w, http:\/\/www.muricionline.com.br\/novo\/wp-content\/uploads\/2018\/04\/20180421_145603-1024x825.jpg 1024w\" sizes=\"(max-width: 1080px) 100vw, 1080px\" \/><\/a><\/p>\n<p>Com Assessoria Murici fC<\/p>\n<span style=\"clear:both;display:none;\"><img src=\"http:\/\/www.muricionline.com.br\/novo\/wp-content\/plugins\/wp-spamfree\/img\/wpsf-img.php\" width=\"0\" height=\"0\" alt=\"\" style=\"border-style:none;width:0px;height:0px;display:none;\" \/><\/span>","protected":false},"excerpt":{"rendered":"<p>O Murici realizou na manh\u00e3 deste s\u00e1bado (21), um treino recreativo que serviu de reconhecimento do gramado do est\u00e1dio \u00c1ureo Bradley, palco do jogo deste domingo, contra o Flamengo de Arcoverde, v\u00e1lido pela estr\u00e9ia do Verd\u00e3o na S\u00e9rie D do Campeonato Brasileiro 2018. O elenco do VERD\u00c3O da zona da mata alagoana ficou por duas&#8230;<\/p>\n","protected":false},"author":1,"featured_media":8371,"comment_status":"open","ping_status":"open","sticky":false,"template":"","format":"standard","meta":{"footnotes":""},"categories":[9],"tags":[5],"_links":{"self":[{"href":"http:\/\/www.muricionline.com.br\/novo\/index.php?rest_route=\/wp\/v2\/posts\/8370"}],"collection":[{"href":"http:\/\/www.muricionline.com.br\/novo\/index.php?rest_route=\/wp\/v2\/posts"}],"about":[{"href":"http:\/\/www.muricionline.com.br\/novo\/index.php?rest_route=\/wp\/v2\/types\/post"}],"author":[{"embeddable":true,"href":"http:\/\/www.muricionline.com.br\/novo\/index.php?rest_route=\/wp\/v2\/users\/1"}],"replies":[{"embeddable":true,"href":"http:\/\/www.muricionline.com.br\/novo\/index.php?rest_route=%2Fwp%2Fv2%2Fcomments&post=8370"}],"version-history":[{"count":1,"href":"http:\/\/www.muricionline.com.br\/novo\/index.php?rest_route=\/wp\/v2\/posts\/8370\/revisions"}],"predecessor-version":[{"id":8373,"href":"http:\/\/www.muricionline.com.br\/novo\/index.php?rest_route=\/wp\/v2\/posts\/8370\/revisions\/8373"}],"wp:featuredmedia":[{"embeddable":true,"href":"http:\/\/www.muricionline.com.br\/novo\/index.php?rest_route=\/wp\/v2\/media\/8371"}],"wp:attachment":[{"href":"http:\/\/www.muricionline.com.br\/novo\/index.php?rest_route=%2Fwp%2Fv2%2Fmedia&parent=8370"}],"wp:term":[{"taxonomy":"category","embeddable":true,"href":"http:\/\/www.muricionline.com.br\/novo\/index.php?rest_route=%2Fwp%2Fv2%2Fcategories&post=8370"},{"taxonomy":"post_tag","embeddable":true,"href":"http:\/\/www.muricionline.com.br\/novo\/index.php?rest_route=%2Fwp%2Fv2%2Ftags&post=8370"}],"curies":[{"name":"wp","href":"https:\/\/api.w.org\/{rel}","templated":true}]}}